{"id":656368,"date":"2022-10-24T12:06:34","date_gmt":"2022-10-24T10:06:34","guid":{"rendered":"https:\/\/www.uges-isere.fr\/?p=656368"},"modified":"2022-10-24T15:30:12","modified_gmt":"2022-10-24T13:30:12","slug":"decision-modificative-de-2022-entre-mesures-symboliques-et-absence-de-vision-politique-a-long-terme","status":"publish","type":"post","link":"https:\/\/www.uges-isere.fr\/index.php\/2022\/10\/24\/decision-modificative-de-2022-entre-mesures-symboliques-et-absence-de-vision-politique-a-long-terme\/","title":{"rendered":"D\u00e9cision modificative de 2022, entre mesures symboliques et absence de vision politique \u00e0 long-terme"},"content":{"rendered":"\n<p><strong>Le 22 octobre 2022, les conseill\u00e8res et conseillers d\u00e9partementaux se r\u00e9unissaient en S\u00e9ance publique. Au programme pour les \u00e9lu.e.s du groupe UGES : une mise en lumi\u00e8re de la port\u00e9e anecdotique du projet un arbre un habitant pour adapter nos communes au r\u00e9chauffement climatique suivie d&rsquo;interrogations sur l&rsquo;\u00e9laboration du Contrat de Plan Etat-R\u00e9gion 2021-2027 au vu du manque d&rsquo;ambitieux de ce dernier. Iels ont \u00e9galement rappel\u00e9 leur vigilance port\u00e9e \u00e0 la situation des coll\u00e8ges, soulignant l&rsquo;insuffisance des dotations propos\u00e9es puis ont regrett\u00e9 la teneur de la D\u00e9cision Modificative du budget, celle-ci ne r\u00e9pondant pas \u00e0 la crise sociale et \u00e9nerg\u00e9tique actuelle. Enfin, les \u00e9lu.e.s du groupe UGES ont tenu \u00e0 d\u00e9fendre l&rsquo;autonomie fiscale des collectivit\u00e9s locales \u00e0 travers la pr\u00e9sentation d&rsquo;un v\u0153u. <em>Ci-dessous, un petit r\u00e9cap des diff\u00e9rentes interventions.<\/em> <\/strong>\ud83d\udc47<\/p>\n\n\n\n<p>\u25b6\ufe0f <strong>L\u2019axe cadre de vie du projet \u00ab Un arbre, un habitant en Is\u00e8re \u00bb<\/strong>. Ce r\u00e8glement d\u2019intervention rend impossible l\u2019atteinte de l\u2019objectif de cr\u00e9er des \u00eelots de fra\u00eecheur. L\u2019aide aux communes est limit\u00e9e \u00e0 20 000 euros, soit le co\u00fbt de 5 arbres plant\u00e9s dans une zone bitumis\u00e9e. Les \u00e9lu.e.s du groupe UGES auraient souhait\u00e9 un <strong>plan \u00e9quitable<\/strong>, orient\u00e9 l\u00e0 o\u00f9 le besoin des habitant.e.s est le plus important et dot\u00e9 de plus amples moyens. Comme le symbole n\u2019am\u00e9liorera pas la sant\u00e9 ni ne rafra\u00eechira les Is\u00e9rois.e.s, les \u00e9lu.e.s se sont abstenu.e.s sur ce rapport.<\/p>\n\n\n\n<p>\u25b6\ufe0f <strong>Le contrat de Plan Etat-R\u00e9gion 2021-2027<\/strong>. Il y a lieu de s\u2019interroger sur l\u2019\u00e9laboration de ce CPER \u00e9tant donn\u00e9 que le volet mobilit\u00e9 est report\u00e9 \u00e0 2023 et voit son budget divis\u00e9 par 4 ! Sur le volet propre au D\u00e9partement de l\u2019Is\u00e8re, des points sont inqui\u00e9tants. Tout d&rsquo;abord, l\u2019\u00e9quit\u00e9 territoriale n\u2019a pas \u00e9t\u00e9 respect\u00e9e : 394\u20ac\/habitant attribu\u00e9s en Haute-Loire contre 177 \u20ac\/ habitant en Is\u00e8re. Ensuite, la concertation du D\u00e9partement avec les porteurs de projet pose question puisque certains territoires ne sont pas du tout accompagn\u00e9s. En d\u00e9finitive, les \u00e9lu.e.s ont interrog\u00e9 la majorit\u00e9 d\u00e9partementale sur le degr\u00e9 d&rsquo;implication du D\u00e9partement de l\u2019Is\u00e8re aux discussions. <strong>A-t-il contribu\u00e9 \u00e0 d\u00e9finir les projets \u00e0 caract\u00e8re structurant pour notre d\u00e9partement, ou a-t-il assist\u00e9, impuissant, \u00e0 un saupoudrage de financements arbitraires et client\u00e9listes ?<\/strong><\/p>\n\n\n\n<p>\u25b6\ufe0f<strong> Les dotations annuelles de fonctionnement 2023 des coll\u00e8ges publics et cit\u00e9s mixtes<\/strong>. Le groupe UGES a vot\u00e9 ces dotations et fait confiance aux services du D\u00e9partement de l\u2019Is\u00e8re pour accompagner les coll\u00e8ges. Cependant, les dotations propos\u00e9es auraient pu \u00eatre<strong> major\u00e9es <\/strong>sachant que des dotations compl\u00e9mentaires vont venir en cours d&rsquo;ann\u00e9e. D\u2019autres d\u00e9partements ont accord\u00e9 des dotations exceptionnelles ou ont int\u00e9gr\u00e9 directement dans leur budget les d\u00e9penses \u00e9nerg\u00e9tiques des coll\u00e8ges. Cette prise en charge permet de rassurer les partenaires, parents, enseignants, agents d\u00e9partementaux et gestionnaires.<\/p>\n\n\n\n<p>\u25b6\ufe0f<strong> La D\u00e9cision modificative pour 2022<\/strong>. Le D\u00e9partement est en tr\u00e8s bonne sant\u00e9 financi\u00e8re. Le fait qu&rsquo;il profite de cette occasion pour augmenter sa capacit\u00e9 d&rsquo;autofinancement de plus de 30 millions d&rsquo;euros interroge. Les \u00e9lu.e.s UGES auraient souhait\u00e9 que le D\u00e9partement investisse plus utilement cet argent : en \u00e9largissant le plafond de ressources pour acc\u00e9der au<strong> fonds de solidarit\u00e9 pour le logement<\/strong>, en soutenant plus largement les <strong>services d&rsquo;aide \u00e0 domicile<\/strong>, la <strong>protection de l&rsquo;enfance<\/strong>. Cette d\u00e9cision modificative suit la droite ligne du budget : de simples ajustements dans un contexte de crise exceptionnelle et d&rsquo;inflation record. En cons\u00e9quence, les \u00e9lu.e.s ont vot\u00e9 contre ce rapport.<\/p>\n\n\n\n<p>\u25b6\ufe0f<strong> La pr\u00e9sentation d\u2019un v\u0153u au nom du groupe UGES pour l\u2019autonomie fiscale des collectivit\u00e9s locales<\/strong>. La suppression de la CVAE inscrite dans le PLF pour 2023 engendrera une perte de 8 milliards d\u2019euros aux collectivit\u00e9s locales. Or, l\u2019autonomie fiscale et financi\u00e8re est ce qui garantit aux collectivit\u00e9s la mise en place de <strong>politiques publiques qui r\u00e9pondent aux besoins locaux<\/strong>. Par ce v\u0153u, les \u00e9lu.e.s UGES souhaitent \u00e9galement r\u00e9affirmer leur <strong>solidarit\u00e9 avec les communes<\/strong>, premier \u00e9chelon de proximit\u00e9, tr\u00e8s durement impact\u00e9es par l\u2019explosion du co\u00fbt de l\u2019\u00e9nergie. Ce v\u0153u demande \u00e0 l\u2019\u00c9tat de pr\u00e9server l\u2019autonomie fiscale des collectivit\u00e9s locales et de <strong>renoncer \u00e0 la suppression de la CVAE<\/strong>. La majorit\u00e9 d\u00e9partementale a refus\u00e9 de voter ce v\u0153u avec nous, en d\u00e9calage avec la position affich\u00e9e lors du Congr\u00e8s des maires de l\u2019Is\u00e8re\u2026, <strong>des paroles mais o\u00f9 sont les actes ?<\/strong> <\/p>\n\n\n\n<p><\/p>\n\n\n\n<p><\/p>\n","protected":false},"excerpt":{"rendered":"<p>Le 22 octobre 2022, les conseill\u00e8res et conseillers d\u00e9partementaux se r\u00e9unissaient en S\u00e9ance publique. Au programme pour les &hellip; <\/p>\n","protected":false},"author":8,"featured_media":656457,"comment_status":"closed","ping_status":"closed","sticky":false,"template":"","format":"standard","meta":{"footnotes":""},"categories":[34,15],"tags":[39,35,37,36,38],"class_list":["post-656368","post","type-post","status-publish","format-standard","has-post-thumbnail","hentry","category-seance-publique-decision-modificative-octobre-2022","category-seances-publiques","tag-autonomie-fiscale","tag-budget","tag-colleges","tag-contrat-de-plan-etat-region","tag-ilot-de-fraicheur"],"yoast_head":"<!-- This site is optimized with the Yoast SEO plugin v27.5 - https:\/\/yoast.com\/product\/yoast-seo-wordpress\/ -->\n<title>D\u00e9cision modificative de 2022, entre mesures symboliques et absence de vision politique \u00e0 long-terme - D\u00e9partement de l&#039;Is\u00e8re<\/title>\n<meta name=\"robots\" content=\"index, follow, max-snippet:-1, max-image-preview:large, max-video-preview:-1\" \/>\n<link rel=\"canonical\" href=\"https:\/\/www.uges-isere.fr\/index.php\/2022\/10\/24\/decision-modificative-de-2022-entre-mesures-symboliques-et-absence-de-vision-politique-a-long-terme\/\" \/>\n<meta property=\"og:locale\" content=\"fr_FR\" \/>\n<meta property=\"og:type\" content=\"article\" \/>\n<meta property=\"og:title\" content=\"D\u00e9cision modificative de 2022, entre mesures symboliques et absence de vision politique \u00e0 long-terme - D\u00e9partement de l&#039;Is\u00e8re\" \/>\n<meta property=\"og:description\" content=\"Le 22 octobre 2022, les conseill\u00e8res et conseillers d\u00e9partementaux se r\u00e9unissaient en S\u00e9ance publique. Au programme pour les &hellip;\" \/>\n<meta property=\"og:url\" content=\"https:\/\/www.uges-isere.fr\/index.php\/2022\/10\/24\/decision-modificative-de-2022-entre-mesures-symboliques-et-absence-de-vision-politique-a-long-terme\/\" \/>\n<meta property=\"og:site_name\" content=\"D\u00e9partement de l&#039;Is\u00e8re\" \/>\n<meta property=\"article:publisher\" content=\"https:\/\/www.facebook.com\/LePrintemps38\" \/>\n<meta property=\"article:published_time\" content=\"2022-10-24T10:06:34+00:00\" \/>\n<meta property=\"article:modified_time\" content=\"2022-10-24T13:30:12+00:00\" \/>\n<meta property=\"og:image\" content=\"https:\/\/www.uges-isere.fr\/wp-content\/uploads\/2022\/10\/Photo-groupe.jpg\" \/>\n\t<meta property=\"og:image:width\" content=\"1893\" \/>\n\t<meta property=\"og:image:height\" content=\"1728\" \/>\n\t<meta property=\"og:image:type\" content=\"image\/jpeg\" \/>\n<meta name=\"author\" content=\"ThibaudUGES38\" \/>\n<meta name=\"twitter:card\" content=\"summary_large_image\" \/>\n<meta name=\"twitter:creator\" content=\"@GroupeUGES38\" \/>\n<meta name=\"twitter:site\" content=\"@GroupeUGES38\" \/>\n<meta name=\"twitter:label1\" content=\"\u00c9crit par\" \/>\n\t<meta name=\"twitter:data1\" content=\"ThibaudUGES38\" \/>\n\t<meta name=\"twitter:label2\" content=\"Dur\u00e9e de lecture estim\u00e9e\" \/>\n\t<meta name=\"twitter:data2\" content=\"3 minutes\" \/>\n<script type=\"application\/ld+json\" class=\"yoast-schema-graph\">{\"@context\":\"https:\\\/\\\/schema.org\",\"@graph\":[{\"@type\":\"Article\",\"@id\":\"https:\\\/\\\/www.uges-isere.fr\\\/index.php\\\/2022\\\/10\\\/24\\\/decision-modificative-de-2022-entre-mesures-symboliques-et-absence-de-vision-politique-a-long-terme\\\/#article\",\"isPartOf\":{\"@id\":\"https:\\\/\\\/www.uges-isere.fr\\\/index.php\\\/2022\\\/10\\\/24\\\/decision-modificative-de-2022-entre-mesures-symboliques-et-absence-de-vision-politique-a-long-terme\\\/\"},\"author\":{\"name\":\"ThibaudUGES38\",\"@id\":\"https:\\\/\\\/www.uges-isere.fr\\\/#\\\/schema\\\/person\\\/a200926d67119314e8837b6a085de83a\"},\"headline\":\"D\u00e9cision modificative de 2022, entre mesures symboliques et absence de vision politique \u00e0 long-terme\",\"datePublished\":\"2022-10-24T10:06:34+00:00\",\"dateModified\":\"2022-10-24T13:30:12+00:00\",\"mainEntityOfPage\":{\"@id\":\"https:\\\/\\\/www.uges-isere.fr\\\/index.php\\\/2022\\\/10\\\/24\\\/decision-modificative-de-2022-entre-mesures-symboliques-et-absence-de-vision-politique-a-long-terme\\\/\"},\"wordCount\":799,\"publisher\":{\"@id\":\"https:\\\/\\\/www.uges-isere.fr\\\/#organization\"},\"image\":{\"@id\":\"https:\\\/\\\/www.uges-isere.fr\\\/index.php\\\/2022\\\/10\\\/24\\\/decision-modificative-de-2022-entre-mesures-symboliques-et-absence-de-vision-politique-a-long-terme\\\/#primaryimage\"},\"thumbnailUrl\":\"https:\\\/\\\/www.uges-isere.fr\\\/wp-content\\\/uploads\\\/2022\\\/10\\\/Photo-groupe.jpg\",\"keywords\":[\"autonomie fiscale\",\"budget\",\"coll\u00e8ges\",\"contrat de plan Etat-r\u00e9gion\",\"\u00eelot de fraicheur\"],\"articleSection\":[\"S\u00e9ance Publique (D\u00e9cision Modificative) - Octobre 2022\",\"S\u00e9ances publiques\"],\"inLanguage\":\"fr-FR\"},{\"@type\":\"WebPage\",\"@id\":\"https:\\\/\\\/www.uges-isere.fr\\\/index.php\\\/2022\\\/10\\\/24\\\/decision-modificative-de-2022-entre-mesures-symboliques-et-absence-de-vision-politique-a-long-terme\\\/\",\"url\":\"https:\\\/\\\/www.uges-isere.fr\\\/index.php\\\/2022\\\/10\\\/24\\\/decision-modificative-de-2022-entre-mesures-symboliques-et-absence-de-vision-politique-a-long-terme\\\/\",\"name\":\"D\u00e9cision modificative de 2022, entre mesures symboliques et absence de vision politique \u00e0 long-terme - D\u00e9partement de l&#039;Is\u00e8re\",\"isPartOf\":{\"@id\":\"https:\\\/\\\/www.uges-isere.fr\\\/#website\"},\"primaryImageOfPage\":{\"@id\":\"https:\\\/\\\/www.uges-isere.fr\\\/index.php\\\/2022\\\/10\\\/24\\\/decision-modificative-de-2022-entre-mesures-symboliques-et-absence-de-vision-politique-a-long-terme\\\/#primaryimage\"},\"image\":{\"@id\":\"https:\\\/\\\/www.uges-isere.fr\\\/index.php\\\/2022\\\/10\\\/24\\\/decision-modificative-de-2022-entre-mesures-symboliques-et-absence-de-vision-politique-a-long-terme\\\/#primaryimage\"},\"thumbnailUrl\":\"https:\\\/\\\/www.uges-isere.fr\\\/wp-content\\\/uploads\\\/2022\\\/10\\\/Photo-groupe.jpg\",\"datePublished\":\"2022-10-24T10:06:34+00:00\",\"dateModified\":\"2022-10-24T13:30:12+00:00\",\"breadcrumb\":{\"@id\":\"https:\\\/\\\/www.uges-isere.fr\\\/index.php\\\/2022\\\/10\\\/24\\\/decision-modificative-de-2022-entre-mesures-symboliques-et-absence-de-vision-politique-a-long-terme\\\/#breadcrumb\"},\"inLanguage\":\"fr-FR\",\"potentialAction\":[{\"@type\":\"ReadAction\",\"target\":[\"https:\\\/\\\/www.uges-isere.fr\\\/index.php\\\/2022\\\/10\\\/24\\\/decision-modificative-de-2022-entre-mesures-symboliques-et-absence-de-vision-politique-a-long-terme\\\/\"]}]},{\"@type\":\"ImageObject\",\"inLanguage\":\"fr-FR\",\"@id\":\"https:\\\/\\\/www.uges-isere.fr\\\/index.php\\\/2022\\\/10\\\/24\\\/decision-modificative-de-2022-entre-mesures-symboliques-et-absence-de-vision-politique-a-long-terme\\\/#primaryimage\",\"url\":\"https:\\\/\\\/www.uges-isere.fr\\\/wp-content\\\/uploads\\\/2022\\\/10\\\/Photo-groupe.jpg\",\"contentUrl\":\"https:\\\/\\\/www.uges-isere.fr\\\/wp-content\\\/uploads\\\/2022\\\/10\\\/Photo-groupe.jpg\",\"width\":1893,\"height\":1728},{\"@type\":\"BreadcrumbList\",\"@id\":\"https:\\\/\\\/www.uges-isere.fr\\\/index.php\\\/2022\\\/10\\\/24\\\/decision-modificative-de-2022-entre-mesures-symboliques-et-absence-de-vision-politique-a-long-terme\\\/#breadcrumb\",\"itemListElement\":[{\"@type\":\"ListItem\",\"position\":1,\"name\":\"Accueil\",\"item\":\"https:\\\/\\\/www.uges-isere.fr\\\/\"},{\"@type\":\"ListItem\",\"position\":2,\"name\":\"D\u00e9cision modificative de 2022, entre mesures symboliques et absence de vision politique \u00e0 long-terme\"}]},{\"@type\":\"WebSite\",\"@id\":\"https:\\\/\\\/www.uges-isere.fr\\\/#website\",\"url\":\"https:\\\/\\\/www.uges-isere.fr\\\/\",\"name\":\"D\u00e9partement de l&#039;Is\u00e8re\",\"description\":\"Groupe d&#039;opposition UGES\",\"publisher\":{\"@id\":\"https:\\\/\\\/www.uges-isere.fr\\\/#organization\"},\"potentialAction\":[{\"@type\":\"SearchAction\",\"target\":{\"@type\":\"EntryPoint\",\"urlTemplate\":\"https:\\\/\\\/www.uges-isere.fr\\\/?s={search_term_string}\"},\"query-input\":{\"@type\":\"PropertyValueSpecification\",\"valueRequired\":true,\"valueName\":\"search_term_string\"}}],\"inLanguage\":\"fr-FR\"},{\"@type\":\"Organization\",\"@id\":\"https:\\\/\\\/www.uges-isere.fr\\\/#organization\",\"name\":\"D\u00e9partement de l'Is\u00e8re\",\"url\":\"https:\\\/\\\/www.uges-isere.fr\\\/\",\"logo\":{\"@type\":\"ImageObject\",\"inLanguage\":\"fr-FR\",\"@id\":\"https:\\\/\\\/www.uges-isere.fr\\\/#\\\/schema\\\/logo\\\/image\\\/\",\"url\":\"https:\\\/\\\/www.uges-isere.fr\\\/wp-content\\\/uploads\\\/2021\\\/10\\\/logo-ok.png\",\"contentUrl\":\"https:\\\/\\\/www.uges-isere.fr\\\/wp-content\\\/uploads\\\/2021\\\/10\\\/logo-ok.png\",\"width\":2859,\"height\":1816,\"caption\":\"D\u00e9partement de l'Is\u00e8re\"},\"image\":{\"@id\":\"https:\\\/\\\/www.uges-isere.fr\\\/#\\\/schema\\\/logo\\\/image\\\/\"},\"sameAs\":[\"https:\\\/\\\/www.facebook.com\\\/LePrintemps38\",\"https:\\\/\\\/x.com\\\/GroupeUGES38\"]},{\"@type\":\"Person\",\"@id\":\"https:\\\/\\\/www.uges-isere.fr\\\/#\\\/schema\\\/person\\\/a200926d67119314e8837b6a085de83a\",\"name\":\"ThibaudUGES38\",\"image\":{\"@type\":\"ImageObject\",\"inLanguage\":\"fr-FR\",\"@id\":\"https:\\\/\\\/secure.gravatar.com\\\/avatar\\\/e182ebfe597e409aafe3378f828607b2b757ed94a3489b20112818296e03b151?s=96&d=mm&r=g\",\"url\":\"https:\\\/\\\/secure.gravatar.com\\\/avatar\\\/e182ebfe597e409aafe3378f828607b2b757ed94a3489b20112818296e03b151?s=96&d=mm&r=g\",\"contentUrl\":\"https:\\\/\\\/secure.gravatar.com\\\/avatar\\\/e182ebfe597e409aafe3378f828607b2b757ed94a3489b20112818296e03b151?s=96&d=mm&r=g\",\"caption\":\"ThibaudUGES38\"},\"url\":\"https:\\\/\\\/www.uges-isere.fr\\\/index.php\\\/author\\\/thibauduges38\\\/\"}]}<\/script>\n<!-- \/ Yoast SEO plugin. -->","yoast_head_json":{"title":"D\u00e9cision modificative de 2022, entre mesures symboliques et absence de vision politique \u00e0 long-terme - D\u00e9partement de l&#039;Is\u00e8re","robots":{"index":"index","follow":"follow","max-snippet":"max-snippet:-1","max-image-preview":"max-image-preview:large","max-video-preview":"max-video-preview:-1"},"canonical":"https:\/\/www.uges-isere.fr\/index.php\/2022\/10\/24\/decision-modificative-de-2022-entre-mesures-symboliques-et-absence-de-vision-politique-a-long-terme\/","og_locale":"fr_FR","og_type":"article","og_title":"D\u00e9cision modificative de 2022, entre mesures symboliques et absence de vision politique \u00e0 long-terme - D\u00e9partement de l&#039;Is\u00e8re","og_description":"Le 22 octobre 2022, les conseill\u00e8res et conseillers d\u00e9partementaux se r\u00e9unissaient en S\u00e9ance publique. Au programme pour les &hellip;","og_url":"https:\/\/www.uges-isere.fr\/index.php\/2022\/10\/24\/decision-modificative-de-2022-entre-mesures-symboliques-et-absence-de-vision-politique-a-long-terme\/","og_site_name":"D\u00e9partement de l&#039;Is\u00e8re","article_publisher":"https:\/\/www.facebook.com\/LePrintemps38","article_published_time":"2022-10-24T10:06:34+00:00","article_modified_time":"2022-10-24T13:30:12+00:00","og_image":[{"width":1893,"height":1728,"url":"https:\/\/www.uges-isere.fr\/wp-content\/uploads\/2022\/10\/Photo-groupe.jpg","type":"image\/jpeg"}],"author":"ThibaudUGES38","twitter_card":"summary_large_image","twitter_creator":"@GroupeUGES38","twitter_site":"@GroupeUGES38","twitter_misc":{"\u00c9crit par":"ThibaudUGES38","Dur\u00e9e de lecture estim\u00e9e":"3 minutes"},"schema":{"@context":"https:\/\/schema.org","@graph":[{"@type":"Article","@id":"https:\/\/www.uges-isere.fr\/index.php\/2022\/10\/24\/decision-modificative-de-2022-entre-mesures-symboliques-et-absence-de-vision-politique-a-long-terme\/#article","isPartOf":{"@id":"https:\/\/www.uges-isere.fr\/index.php\/2022\/10\/24\/decision-modificative-de-2022-entre-mesures-symboliques-et-absence-de-vision-politique-a-long-terme\/"},"author":{"name":"ThibaudUGES38","@id":"https:\/\/www.uges-isere.fr\/#\/schema\/person\/a200926d67119314e8837b6a085de83a"},"headline":"D\u00e9cision modificative de 2022, entre mesures symboliques et absence de vision politique \u00e0 long-terme","datePublished":"2022-10-24T10:06:34+00:00","dateModified":"2022-10-24T13:30:12+00:00","mainEntityOfPage":{"@id":"https:\/\/www.uges-isere.fr\/index.php\/2022\/10\/24\/decision-modificative-de-2022-entre-mesures-symboliques-et-absence-de-vision-politique-a-long-terme\/"},"wordCount":799,"publisher":{"@id":"https:\/\/www.uges-isere.fr\/#organization"},"image":{"@id":"https:\/\/www.uges-isere.fr\/index.php\/2022\/10\/24\/decision-modificative-de-2022-entre-mesures-symboliques-et-absence-de-vision-politique-a-long-terme\/#primaryimage"},"thumbnailUrl":"https:\/\/www.uges-isere.fr\/wp-content\/uploads\/2022\/10\/Photo-groupe.jpg","keywords":["autonomie fiscale","budget","coll\u00e8ges","contrat de plan Etat-r\u00e9gion","\u00eelot de fraicheur"],"articleSection":["S\u00e9ance Publique (D\u00e9cision Modificative) - Octobre 2022","S\u00e9ances publiques"],"inLanguage":"fr-FR"},{"@type":"WebPage","@id":"https:\/\/www.uges-isere.fr\/index.php\/2022\/10\/24\/decision-modificative-de-2022-entre-mesures-symboliques-et-absence-de-vision-politique-a-long-terme\/","url":"https:\/\/www.uges-isere.fr\/index.php\/2022\/10\/24\/decision-modificative-de-2022-entre-mesures-symboliques-et-absence-de-vision-politique-a-long-terme\/","name":"D\u00e9cision modificative de 2022, entre mesures symboliques et absence de vision politique \u00e0 long-terme - D\u00e9partement de l&#039;Is\u00e8re","isPartOf":{"@id":"https:\/\/www.uges-isere.fr\/#website"},"primaryImageOfPage":{"@id":"https:\/\/www.uges-isere.fr\/index.php\/2022\/10\/24\/decision-modificative-de-2022-entre-mesures-symboliques-et-absence-de-vision-politique-a-long-terme\/#primaryimage"},"image":{"@id":"https:\/\/www.uges-isere.fr\/index.php\/2022\/10\/24\/decision-modificative-de-2022-entre-mesures-symboliques-et-absence-de-vision-politique-a-long-terme\/#primaryimage"},"thumbnailUrl":"https:\/\/www.uges-isere.fr\/wp-content\/uploads\/2022\/10\/Photo-groupe.jpg","datePublished":"2022-10-24T10:06:34+00:00","dateModified":"2022-10-24T13:30:12+00:00","breadcrumb":{"@id":"https:\/\/www.uges-isere.fr\/index.php\/2022\/10\/24\/decision-modificative-de-2022-entre-mesures-symboliques-et-absence-de-vision-politique-a-long-terme\/#breadcrumb"},"inLanguage":"fr-FR","potentialAction":[{"@type":"ReadAction","target":["https:\/\/www.uges-isere.fr\/index.php\/2022\/10\/24\/decision-modificative-de-2022-entre-mesures-symboliques-et-absence-de-vision-politique-a-long-terme\/"]}]},{"@type":"ImageObject","inLanguage":"fr-FR","@id":"https:\/\/www.uges-isere.fr\/index.php\/2022\/10\/24\/decision-modificative-de-2022-entre-mesures-symboliques-et-absence-de-vision-politique-a-long-terme\/#primaryimage","url":"https:\/\/www.uges-isere.fr\/wp-content\/uploads\/2022\/10\/Photo-groupe.jpg","contentUrl":"https:\/\/www.uges-isere.fr\/wp-content\/uploads\/2022\/10\/Photo-groupe.jpg","width":1893,"height":1728},{"@type":"BreadcrumbList","@id":"https:\/\/www.uges-isere.fr\/index.php\/2022\/10\/24\/decision-modificative-de-2022-entre-mesures-symboliques-et-absence-de-vision-politique-a-long-terme\/#breadcrumb","itemListElement":[{"@type":"ListItem","position":1,"name":"Accueil","item":"https:\/\/www.uges-isere.fr\/"},{"@type":"ListItem","position":2,"name":"D\u00e9cision modificative de 2022, entre mesures symboliques et absence de vision politique \u00e0 long-terme"}]},{"@type":"WebSite","@id":"https:\/\/www.uges-isere.fr\/#website","url":"https:\/\/www.uges-isere.fr\/","name":"D\u00e9partement de l&#039;Is\u00e8re","description":"Groupe d&#039;opposition UGES","publisher":{"@id":"https:\/\/www.uges-isere.fr\/#organization"},"potentialAction":[{"@type":"SearchAction","target":{"@type":"EntryPoint","urlTemplate":"https:\/\/www.uges-isere.fr\/?s={search_term_string}"},"query-input":{"@type":"PropertyValueSpecification","valueRequired":true,"valueName":"search_term_string"}}],"inLanguage":"fr-FR"},{"@type":"Organization","@id":"https:\/\/www.uges-isere.fr\/#organization","name":"D\u00e9partement de l'Is\u00e8re","url":"https:\/\/www.uges-isere.fr\/","logo":{"@type":"ImageObject","inLanguage":"fr-FR","@id":"https:\/\/www.uges-isere.fr\/#\/schema\/logo\/image\/","url":"https:\/\/www.uges-isere.fr\/wp-content\/uploads\/2021\/10\/logo-ok.png","contentUrl":"https:\/\/www.uges-isere.fr\/wp-content\/uploads\/2021\/10\/logo-ok.png","width":2859,"height":1816,"caption":"D\u00e9partement de l'Is\u00e8re"},"image":{"@id":"https:\/\/www.uges-isere.fr\/#\/schema\/logo\/image\/"},"sameAs":["https:\/\/www.facebook.com\/LePrintemps38","https:\/\/x.com\/GroupeUGES38"]},{"@type":"Person","@id":"https:\/\/www.uges-isere.fr\/#\/schema\/person\/a200926d67119314e8837b6a085de83a","name":"ThibaudUGES38","image":{"@type":"ImageObject","inLanguage":"fr-FR","@id":"https:\/\/secure.gravatar.com\/avatar\/e182ebfe597e409aafe3378f828607b2b757ed94a3489b20112818296e03b151?s=96&d=mm&r=g","url":"https:\/\/secure.gravatar.com\/avatar\/e182ebfe597e409aafe3378f828607b2b757ed94a3489b20112818296e03b151?s=96&d=mm&r=g","contentUrl":"https:\/\/secure.gravatar.com\/avatar\/e182ebfe597e409aafe3378f828607b2b757ed94a3489b20112818296e03b151?s=96&d=mm&r=g","caption":"ThibaudUGES38"},"url":"https:\/\/www.uges-isere.fr\/index.php\/author\/thibauduges38\/"}]}},"_links":{"self":[{"href":"https:\/\/www.uges-isere.fr\/index.php\/wp-json\/wp\/v2\/posts\/656368","targetHints":{"allow":["GET"]}}],"collection":[{"href":"https:\/\/www.uges-isere.fr\/index.php\/wp-json\/wp\/v2\/posts"}],"about":[{"href":"https:\/\/www.uges-isere.fr\/index.php\/wp-json\/wp\/v2\/types\/post"}],"author":[{"embeddable":true,"href":"https:\/\/www.uges-isere.fr\/index.php\/wp-json\/wp\/v2\/users\/8"}],"replies":[{"embeddable":true,"href":"https:\/\/www.uges-isere.fr\/index.php\/wp-json\/wp\/v2\/comments?post=656368"}],"version-history":[{"count":3,"href":"https:\/\/www.uges-isere.fr\/index.php\/wp-json\/wp\/v2\/posts\/656368\/revisions"}],"predecessor-version":[{"id":656502,"href":"https:\/\/www.uges-isere.fr\/index.php\/wp-json\/wp\/v2\/posts\/656368\/revisions\/656502"}],"wp:featuredmedia":[{"embeddable":true,"href":"https:\/\/www.uges-isere.fr\/index.php\/wp-json\/wp\/v2\/media\/656457"}],"wp:attachment":[{"href":"https:\/\/www.uges-isere.fr\/index.php\/wp-json\/wp\/v2\/media?parent=656368"}],"wp:term":[{"taxonomy":"category","embeddable":true,"href":"https:\/\/www.uges-isere.fr\/index.php\/wp-json\/wp\/v2\/categories?post=656368"},{"taxonomy":"post_tag","embeddable":true,"href":"https:\/\/www.uges-isere.fr\/index.php\/wp-json\/wp\/v2\/tags?post=656368"}],"curies":[{"name":"wp","href":"https:\/\/api.w.org\/{rel}","templated":true}]}}