{"id":656110,"date":"2022-10-14T10:27:00","date_gmt":"2022-10-14T08:27:00","guid":{"rendered":"https:\/\/www.uges-isere.fr\/?p=656110"},"modified":"2022-10-24T10:38:39","modified_gmt":"2022-10-24T08:38:39","slug":"reaction-suite-au-conseil-dadministration-du-sdis-38-reuni-ce-mercredi-12-octobre-a-fontaine","status":"publish","type":"post","link":"https:\/\/www.uges-isere.fr\/index.php\/2022\/10\/14\/reaction-suite-au-conseil-dadministration-du-sdis-38-reuni-ce-mercredi-12-octobre-a-fontaine\/","title":{"rendered":"R\u00e9action suite au Conseil d\u2019Administration du SDIS 38 r\u00e9uni ce mercredi 12 octobre \u00e0 Fontaine"},"content":{"rendered":"\n<p>Nous, administratrices et administrateurs du SDIS du groupe UGES, constatons une <strong>v\u00e9ritable dissonance <\/strong>entre le message transmis par la <strong>Pr\u00e9sidente Anne G\u00e9rin <\/strong>en Conseil d\u2019Administration et les \u00e9l\u00e9ments qui nous remontent du <strong>terrain<\/strong>.<\/p>\n\n\n\n<p>D\u2019un c\u00f4t\u00e9 le message est que les pompiers, professionnels comme volontaires, ont \u00e0 leur disposition tous les moyens n\u00e9cessaires pour assurer leurs missions dans des conditions normales. Tandis que les pompiers que nous avons rencontr\u00e9s, encore ce jour (mercredi 12 octobre), nous font part de <strong>souffrance au travail<\/strong>, de <strong>manque criant d\u2019effectifs<\/strong> et de <strong>perte de sens<\/strong>.<\/p>\n\n\n\n<p>C\u2019est cette dissonance qui nous a conduit le<strong> 29 juin dernier \u00e0 alerter l\u2019ensemble du Conseil d\u2019Administration<\/strong> sur la situation de tension et de souffrance des \u00e9quipes. Nous avons demand\u00e9 \u00e0 ce que le travail men\u00e9 puisse permettre l\u2019expression des personnels et ainsi travailler \u00e0 des solutions concr\u00e8tes et efficaces.<\/p>\n\n\n\n<p>Par ailleurs, nous avions \u00e9galement alert\u00e9 sur <strong>les risques d\u2019incendies estivaux<\/strong> eu \u00e9gard aux temp\u00e9ratures d\u00e9j\u00e0 tr\u00e8s chaudes. Ces \u00e9v\u00e9nements ont fragilis\u00e9 plus encore des \u00e9quipes d\u00e9j\u00e0 tr\u00e8s charg\u00e9es par des missions sociales accrues depuis le Covid, du<br>fait de services sociaux et de sant\u00e9 eux aussi \u00e0 bout de souffle.<\/p>\n\n\n\n<p>Ces <strong>alertes n\u2019ont pas \u00e9t\u00e9 entendues<\/strong> par la <strong>Pr\u00e9sidente du SDIS<\/strong> ni par les \u00e9lu.e.s de la <strong>majorit\u00e9 d\u00e9partementale<\/strong>.<\/p>\n\n\n\n<p>Les nouvelles tensions auxquelles nous avons assist\u00e9 ce matin (12 octobre) en Conseil d\u2019Administration et le refus de discussion de la Pr\u00e9sidence du SDIS, nous renvoient \u00e0 nouveau \u00e0 un constat d\u2019\u00e9chec.<\/p>\n\n\n\n<p>Nous <strong>appelons \u00e0 la reprise du dialogue<\/strong> et demandons \u00e0 ce qu\u2019une instance entre la Pr\u00e9sidente, les \u00e9lu.e.s du Conseil d\u2019Administration et les sapeurs pompiers soit rapidement mise en place afin que les missions exigeantes de service public assum\u00e9es par les sapeurs pompiers aupr\u00e8s des Is\u00e9rois.es puissent l\u2019\u00eatre dans des conditions d\u2019exercice sereines.<\/p>\n\n\n\n<p><em><strong>Sophie Romera, Marie Questiaux, Daniel Bessiron, Gilles Strappazzon<\/strong><\/em>, <strong><em>Conseill\u00e8res et conseillers d\u00e9partementaux de l\u2019Is\u00e8re<\/em><\/strong><\/p>\n\n\n\n<p><\/p>\n\n\n\n<p><\/p>\n","protected":false},"excerpt":{"rendered":"<p>Nous, administratrices et administrateurs du SDIS du groupe UGES, constatons une v\u00e9ritable dissonance entre le message transmis par &hellip; <\/p>\n","protected":false},"author":8,"featured_media":656157,"comment_status":"closed","ping_status":"closed","sticky":false,"template":"","format":"standard","meta":{"footnotes":""},"categories":[18],"tags":[26,25,28],"class_list":["post-656110","post","type-post","status-publish","format-standard","has-post-thumbnail","hentry","category-communique-de-presse","tag-manque-deffectif","tag-pompiers","tag-souffrance-au-travail"],"yoast_head":"<!-- This site is optimized with the Yoast SEO plugin v27.5 - https:\/\/yoast.com\/product\/yoast-seo-wordpress\/ -->\n<title>R\u00e9action suite au Conseil d\u2019Administration du SDIS 38 r\u00e9uni ce mercredi 12 octobre \u00e0 Fontaine - D\u00e9partement de l&#039;Is\u00e8re<\/title>\n<meta name=\"robots\" content=\"index, follow, max-snippet:-1, max-image-preview:large, max-video-preview:-1\" \/>\n<link rel=\"canonical\" href=\"https:\/\/www.uges-isere.fr\/index.php\/2022\/10\/14\/reaction-suite-au-conseil-dadministration-du-sdis-38-reuni-ce-mercredi-12-octobre-a-fontaine\/\" \/>\n<meta property=\"og:locale\" content=\"fr_FR\" \/>\n<meta property=\"og:type\" content=\"article\" \/>\n<meta property=\"og:title\" content=\"R\u00e9action suite au Conseil d\u2019Administration du SDIS 38 r\u00e9uni ce mercredi 12 octobre \u00e0 Fontaine - D\u00e9partement de l&#039;Is\u00e8re\" \/>\n<meta property=\"og:description\" content=\"Nous, administratrices et administrateurs du SDIS du groupe UGES, constatons une v\u00e9ritable dissonance entre le message transmis par &hellip;\" \/>\n<meta property=\"og:url\" content=\"https:\/\/www.uges-isere.fr\/index.php\/2022\/10\/14\/reaction-suite-au-conseil-dadministration-du-sdis-38-reuni-ce-mercredi-12-octobre-a-fontaine\/\" \/>\n<meta property=\"og:site_name\" content=\"D\u00e9partement de l&#039;Is\u00e8re\" \/>\n<meta property=\"article:publisher\" content=\"https:\/\/www.facebook.com\/LePrintemps38\" \/>\n<meta property=\"article:published_time\" content=\"2022-10-14T08:27:00+00:00\" \/>\n<meta property=\"article:modified_time\" content=\"2022-10-24T08:38:39+00:00\" \/>\n<meta property=\"og:image\" content=\"https:\/\/www.uges-isere.fr\/wp-content\/uploads\/2022\/10\/vecteezy_the-firefighters-fighting-a-fire-with-a-hose-and-water_9201663_678-scaled.jpg\" \/>\n\t<meta property=\"og:image:width\" content=\"2560\" \/>\n\t<meta property=\"og:image:height\" content=\"1707\" \/>\n\t<meta property=\"og:image:type\" content=\"image\/jpeg\" \/>\n<meta name=\"author\" content=\"ThibaudUGES38\" \/>\n<meta name=\"twitter:card\" content=\"summary_large_image\" \/>\n<meta name=\"twitter:creator\" content=\"@GroupeUGES38\" \/>\n<meta name=\"twitter:site\" content=\"@GroupeUGES38\" \/>\n<meta name=\"twitter:label1\" content=\"\u00c9crit par\" \/>\n\t<meta name=\"twitter:data1\" content=\"ThibaudUGES38\" \/>\n\t<meta name=\"twitter:label2\" content=\"Dur\u00e9e de lecture estim\u00e9e\" \/>\n\t<meta name=\"twitter:data2\" content=\"2 minutes\" \/>\n<script type=\"application\/ld+json\" class=\"yoast-schema-graph\">{\"@context\":\"https:\\\/\\\/schema.org\",\"@graph\":[{\"@type\":\"Article\",\"@id\":\"https:\\\/\\\/www.uges-isere.fr\\\/index.php\\\/2022\\\/10\\\/14\\\/reaction-suite-au-conseil-dadministration-du-sdis-38-reuni-ce-mercredi-12-octobre-a-fontaine\\\/#article\",\"isPartOf\":{\"@id\":\"https:\\\/\\\/www.uges-isere.fr\\\/index.php\\\/2022\\\/10\\\/14\\\/reaction-suite-au-conseil-dadministration-du-sdis-38-reuni-ce-mercredi-12-octobre-a-fontaine\\\/\"},\"author\":{\"name\":\"ThibaudUGES38\",\"@id\":\"https:\\\/\\\/www.uges-isere.fr\\\/#\\\/schema\\\/person\\\/a200926d67119314e8837b6a085de83a\"},\"headline\":\"R\u00e9action suite au Conseil d\u2019Administration du SDIS 38 r\u00e9uni ce mercredi 12 octobre \u00e0 Fontaine\",\"datePublished\":\"2022-10-14T08:27:00+00:00\",\"dateModified\":\"2022-10-24T08:38:39+00:00\",\"mainEntityOfPage\":{\"@id\":\"https:\\\/\\\/www.uges-isere.fr\\\/index.php\\\/2022\\\/10\\\/14\\\/reaction-suite-au-conseil-dadministration-du-sdis-38-reuni-ce-mercredi-12-octobre-a-fontaine\\\/\"},\"wordCount\":357,\"publisher\":{\"@id\":\"https:\\\/\\\/www.uges-isere.fr\\\/#organization\"},\"image\":{\"@id\":\"https:\\\/\\\/www.uges-isere.fr\\\/index.php\\\/2022\\\/10\\\/14\\\/reaction-suite-au-conseil-dadministration-du-sdis-38-reuni-ce-mercredi-12-octobre-a-fontaine\\\/#primaryimage\"},\"thumbnailUrl\":\"https:\\\/\\\/www.uges-isere.fr\\\/wp-content\\\/uploads\\\/2022\\\/10\\\/vecteezy_the-firefighters-fighting-a-fire-with-a-hose-and-water_9201663_678-scaled.jpg\",\"keywords\":[\"manque d&#039;effectif\",\"pompiers\",\"souffrance au travail\"],\"articleSection\":[\"Communiqu\u00e9s de presse\"],\"inLanguage\":\"fr-FR\"},{\"@type\":\"WebPage\",\"@id\":\"https:\\\/\\\/www.uges-isere.fr\\\/index.php\\\/2022\\\/10\\\/14\\\/reaction-suite-au-conseil-dadministration-du-sdis-38-reuni-ce-mercredi-12-octobre-a-fontaine\\\/\",\"url\":\"https:\\\/\\\/www.uges-isere.fr\\\/index.php\\\/2022\\\/10\\\/14\\\/reaction-suite-au-conseil-dadministration-du-sdis-38-reuni-ce-mercredi-12-octobre-a-fontaine\\\/\",\"name\":\"R\u00e9action suite au Conseil d\u2019Administration du SDIS 38 r\u00e9uni ce mercredi 12 octobre \u00e0 Fontaine - D\u00e9partement de l&#039;Is\u00e8re\",\"isPartOf\":{\"@id\":\"https:\\\/\\\/www.uges-isere.fr\\\/#website\"},\"primaryImageOfPage\":{\"@id\":\"https:\\\/\\\/www.uges-isere.fr\\\/index.php\\\/2022\\\/10\\\/14\\\/reaction-suite-au-conseil-dadministration-du-sdis-38-reuni-ce-mercredi-12-octobre-a-fontaine\\\/#primaryimage\"},\"image\":{\"@id\":\"https:\\\/\\\/www.uges-isere.fr\\\/index.php\\\/2022\\\/10\\\/14\\\/reaction-suite-au-conseil-dadministration-du-sdis-38-reuni-ce-mercredi-12-octobre-a-fontaine\\\/#primaryimage\"},\"thumbnailUrl\":\"https:\\\/\\\/www.uges-isere.fr\\\/wp-content\\\/uploads\\\/2022\\\/10\\\/vecteezy_the-firefighters-fighting-a-fire-with-a-hose-and-water_9201663_678-scaled.jpg\",\"datePublished\":\"2022-10-14T08:27:00+00:00\",\"dateModified\":\"2022-10-24T08:38:39+00:00\",\"breadcrumb\":{\"@id\":\"https:\\\/\\\/www.uges-isere.fr\\\/index.php\\\/2022\\\/10\\\/14\\\/reaction-suite-au-conseil-dadministration-du-sdis-38-reuni-ce-mercredi-12-octobre-a-fontaine\\\/#breadcrumb\"},\"inLanguage\":\"fr-FR\",\"potentialAction\":[{\"@type\":\"ReadAction\",\"target\":[\"https:\\\/\\\/www.uges-isere.fr\\\/index.php\\\/2022\\\/10\\\/14\\\/reaction-suite-au-conseil-dadministration-du-sdis-38-reuni-ce-mercredi-12-octobre-a-fontaine\\\/\"]}]},{\"@type\":\"ImageObject\",\"inLanguage\":\"fr-FR\",\"@id\":\"https:\\\/\\\/www.uges-isere.fr\\\/index.php\\\/2022\\\/10\\\/14\\\/reaction-suite-au-conseil-dadministration-du-sdis-38-reuni-ce-mercredi-12-octobre-a-fontaine\\\/#primaryimage\",\"url\":\"https:\\\/\\\/www.uges-isere.fr\\\/wp-content\\\/uploads\\\/2022\\\/10\\\/vecteezy_the-firefighters-fighting-a-fire-with-a-hose-and-water_9201663_678-scaled.jpg\",\"contentUrl\":\"https:\\\/\\\/www.uges-isere.fr\\\/wp-content\\\/uploads\\\/2022\\\/10\\\/vecteezy_the-firefighters-fighting-a-fire-with-a-hose-and-water_9201663_678-scaled.jpg\",\"width\":2560,\"height\":1707},{\"@type\":\"BreadcrumbList\",\"@id\":\"https:\\\/\\\/www.uges-isere.fr\\\/index.php\\\/2022\\\/10\\\/14\\\/reaction-suite-au-conseil-dadministration-du-sdis-38-reuni-ce-mercredi-12-octobre-a-fontaine\\\/#breadcrumb\",\"itemListElement\":[{\"@type\":\"ListItem\",\"position\":1,\"name\":\"Accueil\",\"item\":\"https:\\\/\\\/www.uges-isere.fr\\\/\"},{\"@type\":\"ListItem\",\"position\":2,\"name\":\"R\u00e9action suite au Conseil d\u2019Administration du SDIS 38 r\u00e9uni ce mercredi 12 octobre \u00e0 Fontaine\"}]},{\"@type\":\"WebSite\",\"@id\":\"https:\\\/\\\/www.uges-isere.fr\\\/#website\",\"url\":\"https:\\\/\\\/www.uges-isere.fr\\\/\",\"name\":\"D\u00e9partement de l&#039;Is\u00e8re\",\"description\":\"Groupe d&#039;opposition UGES\",\"publisher\":{\"@id\":\"https:\\\/\\\/www.uges-isere.fr\\\/#organization\"},\"potentialAction\":[{\"@type\":\"SearchAction\",\"target\":{\"@type\":\"EntryPoint\",\"urlTemplate\":\"https:\\\/\\\/www.uges-isere.fr\\\/?s={search_term_string}\"},\"query-input\":{\"@type\":\"PropertyValueSpecification\",\"valueRequired\":true,\"valueName\":\"search_term_string\"}}],\"inLanguage\":\"fr-FR\"},{\"@type\":\"Organization\",\"@id\":\"https:\\\/\\\/www.uges-isere.fr\\\/#organization\",\"name\":\"D\u00e9partement de l'Is\u00e8re\",\"url\":\"https:\\\/\\\/www.uges-isere.fr\\\/\",\"logo\":{\"@type\":\"ImageObject\",\"inLanguage\":\"fr-FR\",\"@id\":\"https:\\\/\\\/www.uges-isere.fr\\\/#\\\/schema\\\/logo\\\/image\\\/\",\"url\":\"https:\\\/\\\/www.uges-isere.fr\\\/wp-content\\\/uploads\\\/2021\\\/10\\\/logo-ok.png\",\"contentUrl\":\"https:\\\/\\\/www.uges-isere.fr\\\/wp-content\\\/uploads\\\/2021\\\/10\\\/logo-ok.png\",\"width\":2859,\"height\":1816,\"caption\":\"D\u00e9partement de l'Is\u00e8re\"},\"image\":{\"@id\":\"https:\\\/\\\/www.uges-isere.fr\\\/#\\\/schema\\\/logo\\\/image\\\/\"},\"sameAs\":[\"https:\\\/\\\/www.facebook.com\\\/LePrintemps38\",\"https:\\\/\\\/x.com\\\/GroupeUGES38\"]},{\"@type\":\"Person\",\"@id\":\"https:\\\/\\\/www.uges-isere.fr\\\/#\\\/schema\\\/person\\\/a200926d67119314e8837b6a085de83a\",\"name\":\"ThibaudUGES38\",\"image\":{\"@type\":\"ImageObject\",\"inLanguage\":\"fr-FR\",\"@id\":\"https:\\\/\\\/secure.gravatar.com\\\/avatar\\\/e182ebfe597e409aafe3378f828607b2b757ed94a3489b20112818296e03b151?s=96&d=mm&r=g\",\"url\":\"https:\\\/\\\/secure.gravatar.com\\\/avatar\\\/e182ebfe597e409aafe3378f828607b2b757ed94a3489b20112818296e03b151?s=96&d=mm&r=g\",\"contentUrl\":\"https:\\\/\\\/secure.gravatar.com\\\/avatar\\\/e182ebfe597e409aafe3378f828607b2b757ed94a3489b20112818296e03b151?s=96&d=mm&r=g\",\"caption\":\"ThibaudUGES38\"},\"url\":\"https:\\\/\\\/www.uges-isere.fr\\\/index.php\\\/author\\\/thibauduges38\\\/\"}]}<\/script>\n<!-- \/ Yoast SEO plugin. -->","yoast_head_json":{"title":"R\u00e9action suite au Conseil d\u2019Administration du SDIS 38 r\u00e9uni ce mercredi 12 octobre \u00e0 Fontaine - D\u00e9partement de l&#039;Is\u00e8re","robots":{"index":"index","follow":"follow","max-snippet":"max-snippet:-1","max-image-preview":"max-image-preview:large","max-video-preview":"max-video-preview:-1"},"canonical":"https:\/\/www.uges-isere.fr\/index.php\/2022\/10\/14\/reaction-suite-au-conseil-dadministration-du-sdis-38-reuni-ce-mercredi-12-octobre-a-fontaine\/","og_locale":"fr_FR","og_type":"article","og_title":"R\u00e9action suite au Conseil d\u2019Administration du SDIS 38 r\u00e9uni ce mercredi 12 octobre \u00e0 Fontaine - D\u00e9partement de l&#039;Is\u00e8re","og_description":"Nous, administratrices et administrateurs du SDIS du groupe UGES, constatons une v\u00e9ritable dissonance entre le message transmis par &hellip;","og_url":"https:\/\/www.uges-isere.fr\/index.php\/2022\/10\/14\/reaction-suite-au-conseil-dadministration-du-sdis-38-reuni-ce-mercredi-12-octobre-a-fontaine\/","og_site_name":"D\u00e9partement de l&#039;Is\u00e8re","article_publisher":"https:\/\/www.facebook.com\/LePrintemps38","article_published_time":"2022-10-14T08:27:00+00:00","article_modified_time":"2022-10-24T08:38:39+00:00","og_image":[{"width":2560,"height":1707,"url":"https:\/\/www.uges-isere.fr\/wp-content\/uploads\/2022\/10\/vecteezy_the-firefighters-fighting-a-fire-with-a-hose-and-water_9201663_678-scaled.jpg","type":"image\/jpeg"}],"author":"ThibaudUGES38","twitter_card":"summary_large_image","twitter_creator":"@GroupeUGES38","twitter_site":"@GroupeUGES38","twitter_misc":{"\u00c9crit par":"ThibaudUGES38","Dur\u00e9e de lecture estim\u00e9e":"2 minutes"},"schema":{"@context":"https:\/\/schema.org","@graph":[{"@type":"Article","@id":"https:\/\/www.uges-isere.fr\/index.php\/2022\/10\/14\/reaction-suite-au-conseil-dadministration-du-sdis-38-reuni-ce-mercredi-12-octobre-a-fontaine\/#article","isPartOf":{"@id":"https:\/\/www.uges-isere.fr\/index.php\/2022\/10\/14\/reaction-suite-au-conseil-dadministration-du-sdis-38-reuni-ce-mercredi-12-octobre-a-fontaine\/"},"author":{"name":"ThibaudUGES38","@id":"https:\/\/www.uges-isere.fr\/#\/schema\/person\/a200926d67119314e8837b6a085de83a"},"headline":"R\u00e9action suite au Conseil d\u2019Administration du SDIS 38 r\u00e9uni ce mercredi 12 octobre \u00e0 Fontaine","datePublished":"2022-10-14T08:27:00+00:00","dateModified":"2022-10-24T08:38:39+00:00","mainEntityOfPage":{"@id":"https:\/\/www.uges-isere.fr\/index.php\/2022\/10\/14\/reaction-suite-au-conseil-dadministration-du-sdis-38-reuni-ce-mercredi-12-octobre-a-fontaine\/"},"wordCount":357,"publisher":{"@id":"https:\/\/www.uges-isere.fr\/#organization"},"image":{"@id":"https:\/\/www.uges-isere.fr\/index.php\/2022\/10\/14\/reaction-suite-au-conseil-dadministration-du-sdis-38-reuni-ce-mercredi-12-octobre-a-fontaine\/#primaryimage"},"thumbnailUrl":"https:\/\/www.uges-isere.fr\/wp-content\/uploads\/2022\/10\/vecteezy_the-firefighters-fighting-a-fire-with-a-hose-and-water_9201663_678-scaled.jpg","keywords":["manque d&#039;effectif","pompiers","souffrance au travail"],"articleSection":["Communiqu\u00e9s de presse"],"inLanguage":"fr-FR"},{"@type":"WebPage","@id":"https:\/\/www.uges-isere.fr\/index.php\/2022\/10\/14\/reaction-suite-au-conseil-dadministration-du-sdis-38-reuni-ce-mercredi-12-octobre-a-fontaine\/","url":"https:\/\/www.uges-isere.fr\/index.php\/2022\/10\/14\/reaction-suite-au-conseil-dadministration-du-sdis-38-reuni-ce-mercredi-12-octobre-a-fontaine\/","name":"R\u00e9action suite au Conseil d\u2019Administration du SDIS 38 r\u00e9uni ce mercredi 12 octobre \u00e0 Fontaine - D\u00e9partement de l&#039;Is\u00e8re","isPartOf":{"@id":"https:\/\/www.uges-isere.fr\/#website"},"primaryImageOfPage":{"@id":"https:\/\/www.uges-isere.fr\/index.php\/2022\/10\/14\/reaction-suite-au-conseil-dadministration-du-sdis-38-reuni-ce-mercredi-12-octobre-a-fontaine\/#primaryimage"},"image":{"@id":"https:\/\/www.uges-isere.fr\/index.php\/2022\/10\/14\/reaction-suite-au-conseil-dadministration-du-sdis-38-reuni-ce-mercredi-12-octobre-a-fontaine\/#primaryimage"},"thumbnailUrl":"https:\/\/www.uges-isere.fr\/wp-content\/uploads\/2022\/10\/vecteezy_the-firefighters-fighting-a-fire-with-a-hose-and-water_9201663_678-scaled.jpg","datePublished":"2022-10-14T08:27:00+00:00","dateModified":"2022-10-24T08:38:39+00:00","breadcrumb":{"@id":"https:\/\/www.uges-isere.fr\/index.php\/2022\/10\/14\/reaction-suite-au-conseil-dadministration-du-sdis-38-reuni-ce-mercredi-12-octobre-a-fontaine\/#breadcrumb"},"inLanguage":"fr-FR","potentialAction":[{"@type":"ReadAction","target":["https:\/\/www.uges-isere.fr\/index.php\/2022\/10\/14\/reaction-suite-au-conseil-dadministration-du-sdis-38-reuni-ce-mercredi-12-octobre-a-fontaine\/"]}]},{"@type":"ImageObject","inLanguage":"fr-FR","@id":"https:\/\/www.uges-isere.fr\/index.php\/2022\/10\/14\/reaction-suite-au-conseil-dadministration-du-sdis-38-reuni-ce-mercredi-12-octobre-a-fontaine\/#primaryimage","url":"https:\/\/www.uges-isere.fr\/wp-content\/uploads\/2022\/10\/vecteezy_the-firefighters-fighting-a-fire-with-a-hose-and-water_9201663_678-scaled.jpg","contentUrl":"https:\/\/www.uges-isere.fr\/wp-content\/uploads\/2022\/10\/vecteezy_the-firefighters-fighting-a-fire-with-a-hose-and-water_9201663_678-scaled.jpg","width":2560,"height":1707},{"@type":"BreadcrumbList","@id":"https:\/\/www.uges-isere.fr\/index.php\/2022\/10\/14\/reaction-suite-au-conseil-dadministration-du-sdis-38-reuni-ce-mercredi-12-octobre-a-fontaine\/#breadcrumb","itemListElement":[{"@type":"ListItem","position":1,"name":"Accueil","item":"https:\/\/www.uges-isere.fr\/"},{"@type":"ListItem","position":2,"name":"R\u00e9action suite au Conseil d\u2019Administration du SDIS 38 r\u00e9uni ce mercredi 12 octobre \u00e0 Fontaine"}]},{"@type":"WebSite","@id":"https:\/\/www.uges-isere.fr\/#website","url":"https:\/\/www.uges-isere.fr\/","name":"D\u00e9partement de l&#039;Is\u00e8re","description":"Groupe d&#039;opposition UGES","publisher":{"@id":"https:\/\/www.uges-isere.fr\/#organization"},"potentialAction":[{"@type":"SearchAction","target":{"@type":"EntryPoint","urlTemplate":"https:\/\/www.uges-isere.fr\/?s={search_term_string}"},"query-input":{"@type":"PropertyValueSpecification","valueRequired":true,"valueName":"search_term_string"}}],"inLanguage":"fr-FR"},{"@type":"Organization","@id":"https:\/\/www.uges-isere.fr\/#organization","name":"D\u00e9partement de l'Is\u00e8re","url":"https:\/\/www.uges-isere.fr\/","logo":{"@type":"ImageObject","inLanguage":"fr-FR","@id":"https:\/\/www.uges-isere.fr\/#\/schema\/logo\/image\/","url":"https:\/\/www.uges-isere.fr\/wp-content\/uploads\/2021\/10\/logo-ok.png","contentUrl":"https:\/\/www.uges-isere.fr\/wp-content\/uploads\/2021\/10\/logo-ok.png","width":2859,"height":1816,"caption":"D\u00e9partement de l'Is\u00e8re"},"image":{"@id":"https:\/\/www.uges-isere.fr\/#\/schema\/logo\/image\/"},"sameAs":["https:\/\/www.facebook.com\/LePrintemps38","https:\/\/x.com\/GroupeUGES38"]},{"@type":"Person","@id":"https:\/\/www.uges-isere.fr\/#\/schema\/person\/a200926d67119314e8837b6a085de83a","name":"ThibaudUGES38","image":{"@type":"ImageObject","inLanguage":"fr-FR","@id":"https:\/\/secure.gravatar.com\/avatar\/e182ebfe597e409aafe3378f828607b2b757ed94a3489b20112818296e03b151?s=96&d=mm&r=g","url":"https:\/\/secure.gravatar.com\/avatar\/e182ebfe597e409aafe3378f828607b2b757ed94a3489b20112818296e03b151?s=96&d=mm&r=g","contentUrl":"https:\/\/secure.gravatar.com\/avatar\/e182ebfe597e409aafe3378f828607b2b757ed94a3489b20112818296e03b151?s=96&d=mm&r=g","caption":"ThibaudUGES38"},"url":"https:\/\/www.uges-isere.fr\/index.php\/author\/thibauduges38\/"}]}},"_links":{"self":[{"href":"https:\/\/www.uges-isere.fr\/index.php\/wp-json\/wp\/v2\/posts\/656110","targetHints":{"allow":["GET"]}}],"collection":[{"href":"https:\/\/www.uges-isere.fr\/index.php\/wp-json\/wp\/v2\/posts"}],"about":[{"href":"https:\/\/www.uges-isere.fr\/index.php\/wp-json\/wp\/v2\/types\/post"}],"author":[{"embeddable":true,"href":"https:\/\/www.uges-isere.fr\/index.php\/wp-json\/wp\/v2\/users\/8"}],"replies":[{"embeddable":true,"href":"https:\/\/www.uges-isere.fr\/index.php\/wp-json\/wp\/v2\/comments?post=656110"}],"version-history":[{"count":8,"href":"https:\/\/www.uges-isere.fr\/index.php\/wp-json\/wp\/v2\/posts\/656110\/revisions"}],"predecessor-version":[{"id":656220,"href":"https:\/\/www.uges-isere.fr\/index.php\/wp-json\/wp\/v2\/posts\/656110\/revisions\/656220"}],"wp:featuredmedia":[{"embeddable":true,"href":"https:\/\/www.uges-isere.fr\/index.php\/wp-json\/wp\/v2\/media\/656157"}],"wp:attachment":[{"href":"https:\/\/www.uges-isere.fr\/index.php\/wp-json\/wp\/v2\/media?parent=656110"}],"wp:term":[{"taxonomy":"category","embeddable":true,"href":"https:\/\/www.uges-isere.fr\/index.php\/wp-json\/wp\/v2\/categories?post=656110"},{"taxonomy":"post_tag","embeddable":true,"href":"https:\/\/www.uges-isere.fr\/index.php\/wp-json\/wp\/v2\/tags?post=656110"}],"curies":[{"name":"wp","href":"https:\/\/api.w.org\/{rel}","templated":true}]}}