{"id":642523,"date":"2022-10-10T15:23:10","date_gmt":"2022-10-10T13:23:10","guid":{"rendered":"https:\/\/www.uges-isere.fr\/?p=642523"},"modified":"2023-04-12T15:18:23","modified_gmt":"2023-04-12T13:18:23","slug":"resultats-de-la-1ere-edition-des-initiatives-grenobloises","status":"publish","type":"post","link":"https:\/\/www.uges-isere.fr\/index.php\/2022\/10\/10\/resultats-de-la-1ere-edition-des-initiatives-grenobloises\/","title":{"rendered":"R\u00e9sultats de la 1\u00e8re \u00e9dition des initiatives grenobloises"},"content":{"rendered":"\n<p>La volont\u00e9 d\u2019<strong>inclure plus amplement les citoyen.ne.s&nbsp;&nbsp;aux d\u00e9cisions des \u00e9lu.e.s est une promesse de campagne du Printemps Is\u00e9rois<\/strong>. Dans cette optique, les initiatives grenobloises ont vu le jour en 2022. Les conseill\u00e8res et conseillers d\u00e9partementaux des 4 cantons grenoblois (<strong>Sophie Romera &amp; Benjamin Trocm\u00e9 &#8211; Grenoble 1; \u00c9l\u00e9onore Kazazian-Balestas &amp; J\u00e9r\u00f4me Cucarollo &#8211; Grenoble 2; Pauline Couvent &amp; Simon Billouet &#8211; Grenoble 3; Amandine Germain &amp; Pierre-Didier Tch\u00e9tch\u00e9 &#8211; Grenoble 4)<\/strong>&nbsp;ont ainsi mutualis\u00e9 une partie de leur enveloppe d\u00e9di\u00e9e aux \u00ab Initiatives locales \u00bb pour atteindre la somme de 20 000 euros.<\/p>\n\n\n\n<p>Les projets devaient s\u2019inscrire dans les th\u00e9matiques suivantes : solidarit\u00e9 et coh\u00e9sion sociale, culture, sport, environnement, \u00e9ducation populaire ou lutte contre les discriminations. Sur la base de ces crit\u00e8res,&nbsp;<strong>5 projets ont \u00e9t\u00e9 retenus<\/strong>&nbsp;:<\/p>\n\n\n\n<p>\u2022 Le Festival \u00abOuverture Exceptionnelle\u00bb organis\u00e9 par la Compagnie Scal\u00e8ne.<\/p>\n\n\n\n<p>\u2022 Le Projet de \u00abRessourcerie Num\u00e9rique locale\u00bb port\u00e9 par la R\u00e9gie de Quartier de Grenoble.<\/p>\n\n\n\n<p>\u2022 Le Projet de cr\u00e9ation d\u2019un lieu de pratique artistique par l\u2019association Solexine.<\/p>\n\n\n\n<p>\u2022 Le Projet de cr\u00e9ation d\u2019un atelier d\u00e9di\u00e9 au \u00abfaire soi-m\u00eame\u00bb, par l\u2019association de La Bifurk.<\/p>\n\n\n\n<p>\u2022 Le Festival \u00abMerci Bonsoir\u00bb organis\u00e9 par Mix\u2019Arts &amp; Le Prunier Sauvage.<\/p>\n\n\n\n<p><strong>Les Grenoblois.e.s ont \u00e9t\u00e9 invit\u00e9.e.s \u00e0 se prononcer en ligne pour leur projet pr\u00e9f\u00e9r\u00e9 du 7 septembre au 25 septembre et ils ont r\u00e9pondu pr\u00e9sent.e.s ! 1210 habitant.e.s ont ainsi particip\u00e9 \u00e0 cette 1\u00e8re \u00e9dition des Initiatives Grenobloises. Voici les r\u00e9sultats complets :<\/strong><\/p>\n\n\n\n<figure class=\"wp-block-image size-full\"><img loading=\"lazy\" decoding=\"async\" width=\"733\" height=\"265\" src=\"https:\/\/www.uges-isere.fr\/wp-content\/uploads\/2023\/04\/Resultats-Vote-VF.png\" alt=\"\" class=\"wp-image-683049\" srcset=\"https:\/\/www.uges-isere.fr\/wp-content\/uploads\/2023\/04\/Resultats-Vote-VF.png 733w, https:\/\/www.uges-isere.fr\/wp-content\/uploads\/2023\/04\/Resultats-Vote-VF-300x108.png 300w\" sizes=\"auto, (max-width: 733px) 100vw, 733px\" \/><\/figure>\n\n\n\n<p>\u00c0 l\u2019issue de ce&nbsp;<strong>vote num\u00e9rique<\/strong>, c\u2019est donc le&nbsp;<strong>Festival \u00abMerci Bonsoir\u00bb organis\u00e9 par Mix\u2019Arts et Le Prunier Sauvage qui obtient le plus de soutiens.<\/strong>&nbsp;\u00abMerci Bonsoir\u00bb est un festival d\u2019arts dans l\u2019espace public qui promeut l\u2019acc\u00e8s \u00e0 la culture et visibilise des formes artistiques peu repr\u00e9sent\u00e9es. Cette subvention permettra de soutenir ce&nbsp;&nbsp;projet populaire ouvert \u00e0 toutes et tous, \u00e0 des prix modiques et port\u00e9 par une \u00e9quipe de b\u00e9n\u00e9voles d\u00e9vou\u00e9s.<\/p>\n\n\n\n<p><strong>Bravo aux porteurs du projet et merci aux 1210 participant.e.s !<\/strong><\/p>\n\n\n\n<p><strong>Quelle suite ?<\/strong>&nbsp;La subvention pour le<strong>&nbsp;Festival \u00ab Merci Bonsoir \u00bb<\/strong>&nbsp;sera pr\u00e9sent\u00e9e par les 8 conseill\u00e8res et conseillers d\u00e9partementaux des cantons de Grenoble dans le cadre des \u00ab Initiatives locales \u00bb au vote de la Commission Permanente de novembre.<\/p>\n\n\n\n<p><strong>Et apr\u00e8s ?<\/strong>&nbsp;Au vu du nombre de participant-e-s pour une premi\u00e8re exp\u00e9rimentation, les \u00e9lu-e-s souhaitent renouveler ce dispositif d\u00e8s l\u2019ann\u00e9e prochaine. Ils et elles souhaitent faire \u00e9voluer les initiatives grenobloises vers une plus grande participation des citoyen.ne.s tout au long du dispositif. \u00c0 cette fin, vous trouverez ci-dessous&nbsp;<strong>un questionnaire \u00e0 destination des habitant.e.s et des associations pour nous faire part des retours d\u2019exp\u00e9riences et des id\u00e9es pour la suite du dispositif<\/strong>.&nbsp;<\/p>\n\n\n\n<figure class=\"wp-block-embed\"><div class=\"wp-block-embed__wrapper\">\nhttps:\/\/framaforms.org\/retours-dexperience-sur-les-initiatives-grenobloises-1664183535\n<\/div><\/figure>\n","protected":false},"excerpt":{"rendered":"<p>La volont\u00e9 d\u2019inclure plus amplement les citoyen.ne.s&nbsp;&nbsp;aux d\u00e9cisions des \u00e9lu.e.s est une promesse de campagne du Printemps Is\u00e9rois. &hellip; <\/p>\n","protected":false},"author":8,"featured_media":642551,"comment_status":"closed","ping_status":"closed","sticky":false,"template":"","format":"standard","meta":{"footnotes":""},"categories":[18],"tags":[32,33,29,31,30],"class_list":["post-642523","post","type-post","status-publish","format-standard","has-post-thumbnail","hentry","category-communique-de-presse","tag-culture","tag-education-populaire","tag-participation-citoyenne","tag-solidarite","tag-vote-numerique"],"yoast_head":"<!-- This site is optimized with the Yoast SEO plugin v27.5 - https:\/\/yoast.com\/product\/yoast-seo-wordpress\/ -->\n<title>R\u00e9sultats de la 1\u00e8re \u00e9dition des initiatives grenobloises - D\u00e9partement de l&#039;Is\u00e8re<\/title>\n<meta name=\"robots\" content=\"index, follow, max-snippet:-1, max-image-preview:large, max-video-preview:-1\" \/>\n<link rel=\"canonical\" href=\"https:\/\/www.uges-isere.fr\/index.php\/2022\/10\/10\/resultats-de-la-1ere-edition-des-initiatives-grenobloises\/\" \/>\n<meta property=\"og:locale\" content=\"fr_FR\" \/>\n<meta property=\"og:type\" content=\"article\" \/>\n<meta property=\"og:title\" content=\"R\u00e9sultats de la 1\u00e8re \u00e9dition des initiatives grenobloises - D\u00e9partement de l&#039;Is\u00e8re\" \/>\n<meta property=\"og:description\" content=\"La volont\u00e9 d\u2019inclure plus amplement les citoyen.ne.s&nbsp;&nbsp;aux d\u00e9cisions des \u00e9lu.e.s est une promesse de campagne du Printemps Is\u00e9rois. &hellip;\" \/>\n<meta property=\"og:url\" content=\"https:\/\/www.uges-isere.fr\/index.php\/2022\/10\/10\/resultats-de-la-1ere-edition-des-initiatives-grenobloises\/\" \/>\n<meta property=\"og:site_name\" content=\"D\u00e9partement de l&#039;Is\u00e8re\" \/>\n<meta property=\"article:publisher\" content=\"https:\/\/www.facebook.com\/LePrintemps38\" \/>\n<meta property=\"article:published_time\" content=\"2022-10-10T13:23:10+00:00\" \/>\n<meta property=\"article:modified_time\" content=\"2023-04-12T13:18:23+00:00\" \/>\n<meta property=\"og:image\" content=\"https:\/\/www.uges-isere.fr\/wp-content\/uploads\/2022\/10\/Proposition1.png\" \/>\n\t<meta property=\"og:image:width\" content=\"940\" \/>\n\t<meta property=\"og:image:height\" content=\"788\" \/>\n\t<meta property=\"og:image:type\" content=\"image\/png\" \/>\n<meta name=\"author\" content=\"ThibaudUGES38\" \/>\n<meta name=\"twitter:card\" content=\"summary_large_image\" \/>\n<meta name=\"twitter:creator\" content=\"@GroupeUGES38\" \/>\n<meta name=\"twitter:site\" content=\"@GroupeUGES38\" \/>\n<meta name=\"twitter:label1\" content=\"\u00c9crit par\" \/>\n\t<meta name=\"twitter:data1\" content=\"ThibaudUGES38\" \/>\n\t<meta name=\"twitter:label2\" content=\"Dur\u00e9e de lecture estim\u00e9e\" \/>\n\t<meta name=\"twitter:data2\" content=\"3 minutes\" \/>\n<script type=\"application\/ld+json\" class=\"yoast-schema-graph\">{\"@context\":\"https:\\\/\\\/schema.org\",\"@graph\":[{\"@type\":\"Article\",\"@id\":\"https:\\\/\\\/www.uges-isere.fr\\\/index.php\\\/2022\\\/10\\\/10\\\/resultats-de-la-1ere-edition-des-initiatives-grenobloises\\\/#article\",\"isPartOf\":{\"@id\":\"https:\\\/\\\/www.uges-isere.fr\\\/index.php\\\/2022\\\/10\\\/10\\\/resultats-de-la-1ere-edition-des-initiatives-grenobloises\\\/\"},\"author\":{\"name\":\"ThibaudUGES38\",\"@id\":\"https:\\\/\\\/www.uges-isere.fr\\\/#\\\/schema\\\/person\\\/a200926d67119314e8837b6a085de83a\"},\"headline\":\"R\u00e9sultats de la 1\u00e8re \u00e9dition des initiatives grenobloises\",\"datePublished\":\"2022-10-10T13:23:10+00:00\",\"dateModified\":\"2023-04-12T13:18:23+00:00\",\"mainEntityOfPage\":{\"@id\":\"https:\\\/\\\/www.uges-isere.fr\\\/index.php\\\/2022\\\/10\\\/10\\\/resultats-de-la-1ere-edition-des-initiatives-grenobloises\\\/\"},\"wordCount\":501,\"publisher\":{\"@id\":\"https:\\\/\\\/www.uges-isere.fr\\\/#organization\"},\"image\":{\"@id\":\"https:\\\/\\\/www.uges-isere.fr\\\/index.php\\\/2022\\\/10\\\/10\\\/resultats-de-la-1ere-edition-des-initiatives-grenobloises\\\/#primaryimage\"},\"thumbnailUrl\":\"https:\\\/\\\/www.uges-isere.fr\\\/wp-content\\\/uploads\\\/2022\\\/10\\\/Proposition1.png\",\"keywords\":[\"culture\",\"\u00e9ducation populaire\",\"participation citoyenne\",\"solidarit\u00e9\",\"vote num\u00e9rique\"],\"articleSection\":[\"Communiqu\u00e9s de presse\"],\"inLanguage\":\"fr-FR\"},{\"@type\":\"WebPage\",\"@id\":\"https:\\\/\\\/www.uges-isere.fr\\\/index.php\\\/2022\\\/10\\\/10\\\/resultats-de-la-1ere-edition-des-initiatives-grenobloises\\\/\",\"url\":\"https:\\\/\\\/www.uges-isere.fr\\\/index.php\\\/2022\\\/10\\\/10\\\/resultats-de-la-1ere-edition-des-initiatives-grenobloises\\\/\",\"name\":\"R\u00e9sultats de la 1\u00e8re \u00e9dition des initiatives grenobloises - D\u00e9partement de l&#039;Is\u00e8re\",\"isPartOf\":{\"@id\":\"https:\\\/\\\/www.uges-isere.fr\\\/#website\"},\"primaryImageOfPage\":{\"@id\":\"https:\\\/\\\/www.uges-isere.fr\\\/index.php\\\/2022\\\/10\\\/10\\\/resultats-de-la-1ere-edition-des-initiatives-grenobloises\\\/#primaryimage\"},\"image\":{\"@id\":\"https:\\\/\\\/www.uges-isere.fr\\\/index.php\\\/2022\\\/10\\\/10\\\/resultats-de-la-1ere-edition-des-initiatives-grenobloises\\\/#primaryimage\"},\"thumbnailUrl\":\"https:\\\/\\\/www.uges-isere.fr\\\/wp-content\\\/uploads\\\/2022\\\/10\\\/Proposition1.png\",\"datePublished\":\"2022-10-10T13:23:10+00:00\",\"dateModified\":\"2023-04-12T13:18:23+00:00\",\"breadcrumb\":{\"@id\":\"https:\\\/\\\/www.uges-isere.fr\\\/index.php\\\/2022\\\/10\\\/10\\\/resultats-de-la-1ere-edition-des-initiatives-grenobloises\\\/#breadcrumb\"},\"inLanguage\":\"fr-FR\",\"potentialAction\":[{\"@type\":\"ReadAction\",\"target\":[\"https:\\\/\\\/www.uges-isere.fr\\\/index.php\\\/2022\\\/10\\\/10\\\/resultats-de-la-1ere-edition-des-initiatives-grenobloises\\\/\"]}]},{\"@type\":\"ImageObject\",\"inLanguage\":\"fr-FR\",\"@id\":\"https:\\\/\\\/www.uges-isere.fr\\\/index.php\\\/2022\\\/10\\\/10\\\/resultats-de-la-1ere-edition-des-initiatives-grenobloises\\\/#primaryimage\",\"url\":\"https:\\\/\\\/www.uges-isere.fr\\\/wp-content\\\/uploads\\\/2022\\\/10\\\/Proposition1.png\",\"contentUrl\":\"https:\\\/\\\/www.uges-isere.fr\\\/wp-content\\\/uploads\\\/2022\\\/10\\\/Proposition1.png\",\"width\":940,\"height\":788},{\"@type\":\"BreadcrumbList\",\"@id\":\"https:\\\/\\\/www.uges-isere.fr\\\/index.php\\\/2022\\\/10\\\/10\\\/resultats-de-la-1ere-edition-des-initiatives-grenobloises\\\/#breadcrumb\",\"itemListElement\":[{\"@type\":\"ListItem\",\"position\":1,\"name\":\"Accueil\",\"item\":\"https:\\\/\\\/www.uges-isere.fr\\\/\"},{\"@type\":\"ListItem\",\"position\":2,\"name\":\"R\u00e9sultats de la 1\u00e8re \u00e9dition des initiatives grenobloises\"}]},{\"@type\":\"WebSite\",\"@id\":\"https:\\\/\\\/www.uges-isere.fr\\\/#website\",\"url\":\"https:\\\/\\\/www.uges-isere.fr\\\/\",\"name\":\"D\u00e9partement de l&#039;Is\u00e8re\",\"description\":\"Groupe d&#039;opposition UGES\",\"publisher\":{\"@id\":\"https:\\\/\\\/www.uges-isere.fr\\\/#organization\"},\"potentialAction\":[{\"@type\":\"SearchAction\",\"target\":{\"@type\":\"EntryPoint\",\"urlTemplate\":\"https:\\\/\\\/www.uges-isere.fr\\\/?s={search_term_string}\"},\"query-input\":{\"@type\":\"PropertyValueSpecification\",\"valueRequired\":true,\"valueName\":\"search_term_string\"}}],\"inLanguage\":\"fr-FR\"},{\"@type\":\"Organization\",\"@id\":\"https:\\\/\\\/www.uges-isere.fr\\\/#organization\",\"name\":\"D\u00e9partement de l'Is\u00e8re\",\"url\":\"https:\\\/\\\/www.uges-isere.fr\\\/\",\"logo\":{\"@type\":\"ImageObject\",\"inLanguage\":\"fr-FR\",\"@id\":\"https:\\\/\\\/www.uges-isere.fr\\\/#\\\/schema\\\/logo\\\/image\\\/\",\"url\":\"https:\\\/\\\/www.uges-isere.fr\\\/wp-content\\\/uploads\\\/2021\\\/10\\\/logo-ok.png\",\"contentUrl\":\"https:\\\/\\\/www.uges-isere.fr\\\/wp-content\\\/uploads\\\/2021\\\/10\\\/logo-ok.png\",\"width\":2859,\"height\":1816,\"caption\":\"D\u00e9partement de l'Is\u00e8re\"},\"image\":{\"@id\":\"https:\\\/\\\/www.uges-isere.fr\\\/#\\\/schema\\\/logo\\\/image\\\/\"},\"sameAs\":[\"https:\\\/\\\/www.facebook.com\\\/LePrintemps38\",\"https:\\\/\\\/x.com\\\/GroupeUGES38\"]},{\"@type\":\"Person\",\"@id\":\"https:\\\/\\\/www.uges-isere.fr\\\/#\\\/schema\\\/person\\\/a200926d67119314e8837b6a085de83a\",\"name\":\"ThibaudUGES38\",\"image\":{\"@type\":\"ImageObject\",\"inLanguage\":\"fr-FR\",\"@id\":\"https:\\\/\\\/secure.gravatar.com\\\/avatar\\\/e182ebfe597e409aafe3378f828607b2b757ed94a3489b20112818296e03b151?s=96&d=mm&r=g\",\"url\":\"https:\\\/\\\/secure.gravatar.com\\\/avatar\\\/e182ebfe597e409aafe3378f828607b2b757ed94a3489b20112818296e03b151?s=96&d=mm&r=g\",\"contentUrl\":\"https:\\\/\\\/secure.gravatar.com\\\/avatar\\\/e182ebfe597e409aafe3378f828607b2b757ed94a3489b20112818296e03b151?s=96&d=mm&r=g\",\"caption\":\"ThibaudUGES38\"},\"url\":\"https:\\\/\\\/www.uges-isere.fr\\\/index.php\\\/author\\\/thibauduges38\\\/\"}]}<\/script>\n<!-- \/ Yoast SEO plugin. -->","yoast_head_json":{"title":"R\u00e9sultats de la 1\u00e8re \u00e9dition des initiatives grenobloises - D\u00e9partement de l&#039;Is\u00e8re","robots":{"index":"index","follow":"follow","max-snippet":"max-snippet:-1","max-image-preview":"max-image-preview:large","max-video-preview":"max-video-preview:-1"},"canonical":"https:\/\/www.uges-isere.fr\/index.php\/2022\/10\/10\/resultats-de-la-1ere-edition-des-initiatives-grenobloises\/","og_locale":"fr_FR","og_type":"article","og_title":"R\u00e9sultats de la 1\u00e8re \u00e9dition des initiatives grenobloises - D\u00e9partement de l&#039;Is\u00e8re","og_description":"La volont\u00e9 d\u2019inclure plus amplement les citoyen.ne.s&nbsp;&nbsp;aux d\u00e9cisions des \u00e9lu.e.s est une promesse de campagne du Printemps Is\u00e9rois. &hellip;","og_url":"https:\/\/www.uges-isere.fr\/index.php\/2022\/10\/10\/resultats-de-la-1ere-edition-des-initiatives-grenobloises\/","og_site_name":"D\u00e9partement de l&#039;Is\u00e8re","article_publisher":"https:\/\/www.facebook.com\/LePrintemps38","article_published_time":"2022-10-10T13:23:10+00:00","article_modified_time":"2023-04-12T13:18:23+00:00","og_image":[{"width":940,"height":788,"url":"https:\/\/www.uges-isere.fr\/wp-content\/uploads\/2022\/10\/Proposition1.png","type":"image\/png"}],"author":"ThibaudUGES38","twitter_card":"summary_large_image","twitter_creator":"@GroupeUGES38","twitter_site":"@GroupeUGES38","twitter_misc":{"\u00c9crit par":"ThibaudUGES38","Dur\u00e9e de lecture estim\u00e9e":"3 minutes"},"schema":{"@context":"https:\/\/schema.org","@graph":[{"@type":"Article","@id":"https:\/\/www.uges-isere.fr\/index.php\/2022\/10\/10\/resultats-de-la-1ere-edition-des-initiatives-grenobloises\/#article","isPartOf":{"@id":"https:\/\/www.uges-isere.fr\/index.php\/2022\/10\/10\/resultats-de-la-1ere-edition-des-initiatives-grenobloises\/"},"author":{"name":"ThibaudUGES38","@id":"https:\/\/www.uges-isere.fr\/#\/schema\/person\/a200926d67119314e8837b6a085de83a"},"headline":"R\u00e9sultats de la 1\u00e8re \u00e9dition des initiatives grenobloises","datePublished":"2022-10-10T13:23:10+00:00","dateModified":"2023-04-12T13:18:23+00:00","mainEntityOfPage":{"@id":"https:\/\/www.uges-isere.fr\/index.php\/2022\/10\/10\/resultats-de-la-1ere-edition-des-initiatives-grenobloises\/"},"wordCount":501,"publisher":{"@id":"https:\/\/www.uges-isere.fr\/#organization"},"image":{"@id":"https:\/\/www.uges-isere.fr\/index.php\/2022\/10\/10\/resultats-de-la-1ere-edition-des-initiatives-grenobloises\/#primaryimage"},"thumbnailUrl":"https:\/\/www.uges-isere.fr\/wp-content\/uploads\/2022\/10\/Proposition1.png","keywords":["culture","\u00e9ducation populaire","participation citoyenne","solidarit\u00e9","vote num\u00e9rique"],"articleSection":["Communiqu\u00e9s de presse"],"inLanguage":"fr-FR"},{"@type":"WebPage","@id":"https:\/\/www.uges-isere.fr\/index.php\/2022\/10\/10\/resultats-de-la-1ere-edition-des-initiatives-grenobloises\/","url":"https:\/\/www.uges-isere.fr\/index.php\/2022\/10\/10\/resultats-de-la-1ere-edition-des-initiatives-grenobloises\/","name":"R\u00e9sultats de la 1\u00e8re \u00e9dition des initiatives grenobloises - D\u00e9partement de l&#039;Is\u00e8re","isPartOf":{"@id":"https:\/\/www.uges-isere.fr\/#website"},"primaryImageOfPage":{"@id":"https:\/\/www.uges-isere.fr\/index.php\/2022\/10\/10\/resultats-de-la-1ere-edition-des-initiatives-grenobloises\/#primaryimage"},"image":{"@id":"https:\/\/www.uges-isere.fr\/index.php\/2022\/10\/10\/resultats-de-la-1ere-edition-des-initiatives-grenobloises\/#primaryimage"},"thumbnailUrl":"https:\/\/www.uges-isere.fr\/wp-content\/uploads\/2022\/10\/Proposition1.png","datePublished":"2022-10-10T13:23:10+00:00","dateModified":"2023-04-12T13:18:23+00:00","breadcrumb":{"@id":"https:\/\/www.uges-isere.fr\/index.php\/2022\/10\/10\/resultats-de-la-1ere-edition-des-initiatives-grenobloises\/#breadcrumb"},"inLanguage":"fr-FR","potentialAction":[{"@type":"ReadAction","target":["https:\/\/www.uges-isere.fr\/index.php\/2022\/10\/10\/resultats-de-la-1ere-edition-des-initiatives-grenobloises\/"]}]},{"@type":"ImageObject","inLanguage":"fr-FR","@id":"https:\/\/www.uges-isere.fr\/index.php\/2022\/10\/10\/resultats-de-la-1ere-edition-des-initiatives-grenobloises\/#primaryimage","url":"https:\/\/www.uges-isere.fr\/wp-content\/uploads\/2022\/10\/Proposition1.png","contentUrl":"https:\/\/www.uges-isere.fr\/wp-content\/uploads\/2022\/10\/Proposition1.png","width":940,"height":788},{"@type":"BreadcrumbList","@id":"https:\/\/www.uges-isere.fr\/index.php\/2022\/10\/10\/resultats-de-la-1ere-edition-des-initiatives-grenobloises\/#breadcrumb","itemListElement":[{"@type":"ListItem","position":1,"name":"Accueil","item":"https:\/\/www.uges-isere.fr\/"},{"@type":"ListItem","position":2,"name":"R\u00e9sultats de la 1\u00e8re \u00e9dition des initiatives grenobloises"}]},{"@type":"WebSite","@id":"https:\/\/www.uges-isere.fr\/#website","url":"https:\/\/www.uges-isere.fr\/","name":"D\u00e9partement de l&#039;Is\u00e8re","description":"Groupe d&#039;opposition UGES","publisher":{"@id":"https:\/\/www.uges-isere.fr\/#organization"},"potentialAction":[{"@type":"SearchAction","target":{"@type":"EntryPoint","urlTemplate":"https:\/\/www.uges-isere.fr\/?s={search_term_string}"},"query-input":{"@type":"PropertyValueSpecification","valueRequired":true,"valueName":"search_term_string"}}],"inLanguage":"fr-FR"},{"@type":"Organization","@id":"https:\/\/www.uges-isere.fr\/#organization","name":"D\u00e9partement de l'Is\u00e8re","url":"https:\/\/www.uges-isere.fr\/","logo":{"@type":"ImageObject","inLanguage":"fr-FR","@id":"https:\/\/www.uges-isere.fr\/#\/schema\/logo\/image\/","url":"https:\/\/www.uges-isere.fr\/wp-content\/uploads\/2021\/10\/logo-ok.png","contentUrl":"https:\/\/www.uges-isere.fr\/wp-content\/uploads\/2021\/10\/logo-ok.png","width":2859,"height":1816,"caption":"D\u00e9partement de l'Is\u00e8re"},"image":{"@id":"https:\/\/www.uges-isere.fr\/#\/schema\/logo\/image\/"},"sameAs":["https:\/\/www.facebook.com\/LePrintemps38","https:\/\/x.com\/GroupeUGES38"]},{"@type":"Person","@id":"https:\/\/www.uges-isere.fr\/#\/schema\/person\/a200926d67119314e8837b6a085de83a","name":"ThibaudUGES38","image":{"@type":"ImageObject","inLanguage":"fr-FR","@id":"https:\/\/secure.gravatar.com\/avatar\/e182ebfe597e409aafe3378f828607b2b757ed94a3489b20112818296e03b151?s=96&d=mm&r=g","url":"https:\/\/secure.gravatar.com\/avatar\/e182ebfe597e409aafe3378f828607b2b757ed94a3489b20112818296e03b151?s=96&d=mm&r=g","contentUrl":"https:\/\/secure.gravatar.com\/avatar\/e182ebfe597e409aafe3378f828607b2b757ed94a3489b20112818296e03b151?s=96&d=mm&r=g","caption":"ThibaudUGES38"},"url":"https:\/\/www.uges-isere.fr\/index.php\/author\/thibauduges38\/"}]}},"_links":{"self":[{"href":"https:\/\/www.uges-isere.fr\/index.php\/wp-json\/wp\/v2\/posts\/642523","targetHints":{"allow":["GET"]}}],"collection":[{"href":"https:\/\/www.uges-isere.fr\/index.php\/wp-json\/wp\/v2\/posts"}],"about":[{"href":"https:\/\/www.uges-isere.fr\/index.php\/wp-json\/wp\/v2\/types\/post"}],"author":[{"embeddable":true,"href":"https:\/\/www.uges-isere.fr\/index.php\/wp-json\/wp\/v2\/users\/8"}],"replies":[{"embeddable":true,"href":"https:\/\/www.uges-isere.fr\/index.php\/wp-json\/wp\/v2\/comments?post=642523"}],"version-history":[{"count":2,"href":"https:\/\/www.uges-isere.fr\/index.php\/wp-json\/wp\/v2\/posts\/642523\/revisions"}],"predecessor-version":[{"id":683050,"href":"https:\/\/www.uges-isere.fr\/index.php\/wp-json\/wp\/v2\/posts\/642523\/revisions\/683050"}],"wp:featuredmedia":[{"embeddable":true,"href":"https:\/\/www.uges-isere.fr\/index.php\/wp-json\/wp\/v2\/media\/642551"}],"wp:attachment":[{"href":"https:\/\/www.uges-isere.fr\/index.php\/wp-json\/wp\/v2\/media?parent=642523"}],"wp:term":[{"taxonomy":"category","embeddable":true,"href":"https:\/\/www.uges-isere.fr\/index.php\/wp-json\/wp\/v2\/categories?post=642523"},{"taxonomy":"post_tag","embeddable":true,"href":"https:\/\/www.uges-isere.fr\/index.php\/wp-json\/wp\/v2\/tags?post=642523"}],"curies":[{"name":"wp","href":"https:\/\/api.w.org\/{rel}","templated":true}]}}