{"id":521844,"date":"2022-07-05T10:32:39","date_gmt":"2022-07-05T08:32:39","guid":{"rendered":"https:\/\/www.uges-isere.fr\/?p=521844"},"modified":"2026-02-27T16:52:43","modified_gmt":"2026-02-27T15:52:43","slug":"desert-medicaux-5-ans-apres-la-majorite-reprend-enfin-la-proposition-de-la-gauche-et-des-ecologistes","status":"publish","type":"post","link":"https:\/\/www.uges-isere.fr\/index.php\/2022\/07\/05\/desert-medicaux-5-ans-apres-la-majorite-reprend-enfin-la-proposition-de-la-gauche-et-des-ecologistes\/","title":{"rendered":"D\u00e9serts m\u00e9dicaux\u00a0: 5 ans apr\u00e8s, la majorit\u00e9 reprend enfin la proposition de la gauche et des \u00e9cologistes"},"content":{"rendered":"\n<p><strong>Le Vendredi 24 juin, lors de la s\u00e9ance publique, le D\u00e9partement de l\u2019Is\u00e8re a adopt\u00e9 un nouveau plan sant\u00e9 pour lutter contre les d\u00e9serts m\u00e9dicaux. Ce plan pr\u00e9voit l\u2019embauche de 6 m\u00e9decins salari\u00e9s dans plusieurs maisons de sant\u00e9 du d\u00e9partement. Le groupe UGES soutient cette avanc\u00e9e que la gauche et les \u00e9cologistes demandaient depuis 5 ans maintenant et que la majorit\u00e9 avait jusqu\u2019ici refus\u00e9e.<\/strong><\/p>\n\n\n\n<p>Nombreux sont les Is\u00e9rois et Is\u00e9roises qui repoussent ou pire renoncent \u00e0 des soins face \u00e0 ces obstacles parce qu\u2019ils sont dans des zones peu dot\u00e9es ou sous-dot\u00e9es en m\u00e9decins g\u00e9n\u00e9ralistes. Une situation qui impacte aussi les services d\u2019urgences, par ailleurs dans une situation dramatique, qui voient arriver les patients ne trouvant plus de m\u00e9decins g\u00e9n\u00e9ralistes pour les examiner.<\/p>\n\n\n\n<p>Le D\u00e9partement, acteur majeur de la solidarit\u00e9 sociale et territoriale a toute sa part \u00e0 jouer pour lutter contre ces in\u00e9galit\u00e9s dans l\u2019acc\u00e8s aux soins. Ces 4 derni\u00e8res ann\u00e9es, la majorit\u00e9 d\u00e9partementale, pour faire face aux \u00ab&nbsp;d\u00e9serts m\u00e9dicaux&nbsp;\u00bb a&nbsp; choisi de miser exclusivement sur la m\u00e9decine lib\u00e9rale via des bourses d\u2019\u00e9tudes pour les internes et des aides \u00e0 l\u2019installation dans les <em>421 communes sous dot\u00e9es du d\u00e9partement<\/em>. <strong>Mais aujourd\u2019hui, force est de constater que tout le territoire est devenu sous-dot\u00e9. Il est donc n\u00e9cessaire de s\u2019adapter \u00e0 cette nouvelle r\u00e9alit\u00e9.<\/strong><\/p>\n\n\n\n<p>Autre r\u00e9alit\u00e9 aussi&nbsp;: une part importante des m\u00e9decins n\u2019a plus envie de travailler comme ses pr\u00e9d\u00e9cesseurs&nbsp;: elle demande de consacrer moins de temps \u00e0 la charge administrative, \u00e0 travailler davantage en \u00e9quipe, avec un meilleur \u00e9quilibre entre vie personnelle et vie professionnelle. C\u2019est ce que permet le salariat de m\u00e9decins, notamment dans des centres de sant\u00e9 publics ou associatifs, comme le fait le d\u00e9partement de la Sa\u00f4ne-et-Loire depuis 2017. La cr\u00e9ation de ces centres a aussi l\u2019avantage de r\u00e9pondre de mani\u00e8re plus cibl\u00e9e g\u00e9ographiquement aux \u00ab&nbsp;oubli\u00e9s de la sant\u00e9&nbsp;\u00bb. <strong>Nous en sommes convaincus, sans s\u2019opposer, m\u00e9decine lib\u00e9rale et m\u00e9decine salari\u00e9e se compl\u00e8tent et r\u00e9pondent \u00e0 des besoins des territoires, des populations et des professionnels de sant\u00e9 qui sont diff\u00e9rents.<\/strong><\/p>\n\n\n\n<p>Aussi, nous ne pouvons que nous r\u00e9jouir de voir dans ce plan sant\u00e9, l\u2019exp\u00e9rimentation de la cr\u00e9ation de 3 centres de sant\u00e9 avec des m\u00e9decins salari\u00e9s. Malheureusement l\u2019ambition reste timide (6 m\u00e9decins salari\u00e9s au total) face \u00e0 une situation qui risque de s\u2019aggraver. A titre d\u2019exemple, en Saone-et-Loire, ce sont 6 centres, une trentaine d\u2019antennes et plus de 70 m\u00e9decins pour un d\u00e9partement deux fois moins peupl\u00e9. <strong>En Is\u00e8re, nous notons que l\u2019id\u00e9e fait enfin son chemin, alors que les \u00e9lus de gauche et \u00e9cologistes proposent cette exp\u00e9rimentation depuis maintenant 5 ans et qu\u2019elle figurait parmi nos priorit\u00e9s durant la campagne des d\u00e9partementales.<\/strong><\/p>\n\n\n\n<p>Autre point important du rapport, la volont\u00e9 de porter des actions pour faire face \u00e0 la p\u00e9nurie de dentistes que conna\u00eet l\u2019Is\u00e8re avec 3 dispositifs distincts qui se compl\u00e8tent : des bourses pour les \u00e9tudiants en dentaire, la cr\u00e9ation de centres de sant\u00e9 avec des dentistes salari\u00e9s et un bus itin\u00e9rant pour faire de l\u2019aller vers permettant un acc\u00e8s \u00e0 la sant\u00e9 dentaire des publics qui en sont les plus \u00e9loign\u00e9s.<\/p>\n","protected":false},"excerpt":{"rendered":"<p>Le Vendredi 24 juin, lors de la s\u00e9ance publique, le D\u00e9partement de l\u2019Is\u00e8re a adopt\u00e9 un nouveau plan &hellip; <\/p>\n","protected":false},"author":8,"featured_media":521857,"comment_status":"closed","ping_status":"closed","sticky":false,"template":"","format":"standard","meta":{"footnotes":""},"categories":[9,23],"tags":[],"class_list":["post-521844","post","type-post","status-publish","format-standard","has-post-thumbnail","hentry","category-action-sociale","category-seance-publique-juin-2022"],"yoast_head":"<!-- This site is optimized with the Yoast SEO plugin v27.5 - https:\/\/yoast.com\/product\/yoast-seo-wordpress\/ -->\n<title>D\u00e9serts m\u00e9dicaux\u00a0: 5 ans apr\u00e8s, la majorit\u00e9 reprend enfin la proposition de la gauche et des \u00e9cologistes - D\u00e9partement de l&#039;Is\u00e8re<\/title>\n<meta name=\"robots\" content=\"index, follow, max-snippet:-1, max-image-preview:large, max-video-preview:-1\" \/>\n<link rel=\"canonical\" href=\"https:\/\/www.uges-isere.fr\/index.php\/2022\/07\/05\/desert-medicaux-5-ans-apres-la-majorite-reprend-enfin-la-proposition-de-la-gauche-et-des-ecologistes\/\" \/>\n<meta property=\"og:locale\" content=\"fr_FR\" \/>\n<meta property=\"og:type\" content=\"article\" \/>\n<meta property=\"og:title\" content=\"D\u00e9serts m\u00e9dicaux\u00a0: 5 ans apr\u00e8s, la majorit\u00e9 reprend enfin la proposition de la gauche et des \u00e9cologistes - D\u00e9partement de l&#039;Is\u00e8re\" \/>\n<meta property=\"og:description\" content=\"Le Vendredi 24 juin, lors de la s\u00e9ance publique, le D\u00e9partement de l\u2019Is\u00e8re a adopt\u00e9 un nouveau plan &hellip;\" \/>\n<meta property=\"og:url\" content=\"https:\/\/www.uges-isere.fr\/index.php\/2022\/07\/05\/desert-medicaux-5-ans-apres-la-majorite-reprend-enfin-la-proposition-de-la-gauche-et-des-ecologistes\/\" \/>\n<meta property=\"og:site_name\" content=\"D\u00e9partement de l&#039;Is\u00e8re\" \/>\n<meta property=\"article:publisher\" content=\"https:\/\/www.facebook.com\/LePrintemps38\" \/>\n<meta property=\"article:published_time\" content=\"2022-07-05T08:32:39+00:00\" \/>\n<meta property=\"article:modified_time\" content=\"2026-02-27T15:52:43+00:00\" \/>\n<meta property=\"og:image\" content=\"https:\/\/www.uges-isere.fr\/wp-content\/uploads\/2022\/07\/doctor-gbe7edd2c7_1920.jpg\" \/>\n\t<meta property=\"og:image:width\" content=\"1920\" \/>\n\t<meta property=\"og:image:height\" content=\"1280\" \/>\n\t<meta property=\"og:image:type\" content=\"image\/jpeg\" \/>\n<meta name=\"author\" content=\"ThibaudUGES38\" \/>\n<meta name=\"twitter:card\" content=\"summary_large_image\" \/>\n<meta name=\"twitter:creator\" content=\"@GroupeUGES38\" \/>\n<meta name=\"twitter:site\" content=\"@GroupeUGES38\" \/>\n<meta name=\"twitter:label1\" content=\"\u00c9crit par\" \/>\n\t<meta name=\"twitter:data1\" content=\"ThibaudUGES38\" \/>\n\t<meta name=\"twitter:label2\" content=\"Dur\u00e9e de lecture estim\u00e9e\" \/>\n\t<meta name=\"twitter:data2\" content=\"3 minutes\" \/>\n<script type=\"application\/ld+json\" class=\"yoast-schema-graph\">{\"@context\":\"https:\\\/\\\/schema.org\",\"@graph\":[{\"@type\":\"Article\",\"@id\":\"https:\\\/\\\/www.uges-isere.fr\\\/index.php\\\/2022\\\/07\\\/05\\\/desert-medicaux-5-ans-apres-la-majorite-reprend-enfin-la-proposition-de-la-gauche-et-des-ecologistes\\\/#article\",\"isPartOf\":{\"@id\":\"https:\\\/\\\/www.uges-isere.fr\\\/index.php\\\/2022\\\/07\\\/05\\\/desert-medicaux-5-ans-apres-la-majorite-reprend-enfin-la-proposition-de-la-gauche-et-des-ecologistes\\\/\"},\"author\":{\"name\":\"ThibaudUGES38\",\"@id\":\"https:\\\/\\\/www.uges-isere.fr\\\/#\\\/schema\\\/person\\\/a200926d67119314e8837b6a085de83a\"},\"headline\":\"D\u00e9serts m\u00e9dicaux\u00a0: 5 ans apr\u00e8s, la majorit\u00e9 reprend enfin la proposition de la gauche et des \u00e9cologistes\",\"datePublished\":\"2022-07-05T08:32:39+00:00\",\"dateModified\":\"2026-02-27T15:52:43+00:00\",\"mainEntityOfPage\":{\"@id\":\"https:\\\/\\\/www.uges-isere.fr\\\/index.php\\\/2022\\\/07\\\/05\\\/desert-medicaux-5-ans-apres-la-majorite-reprend-enfin-la-proposition-de-la-gauche-et-des-ecologistes\\\/\"},\"wordCount\":610,\"publisher\":{\"@id\":\"https:\\\/\\\/www.uges-isere.fr\\\/#organization\"},\"image\":{\"@id\":\"https:\\\/\\\/www.uges-isere.fr\\\/index.php\\\/2022\\\/07\\\/05\\\/desert-medicaux-5-ans-apres-la-majorite-reprend-enfin-la-proposition-de-la-gauche-et-des-ecologistes\\\/#primaryimage\"},\"thumbnailUrl\":\"https:\\\/\\\/www.uges-isere.fr\\\/wp-content\\\/uploads\\\/2022\\\/07\\\/doctor-gbe7edd2c7_1920.jpg\",\"articleSection\":[\"Action sociale\",\"S\u00e9ance publique (Budget suppl\u00e9mentaire) - Juin 2022\"],\"inLanguage\":\"fr-FR\"},{\"@type\":\"WebPage\",\"@id\":\"https:\\\/\\\/www.uges-isere.fr\\\/index.php\\\/2022\\\/07\\\/05\\\/desert-medicaux-5-ans-apres-la-majorite-reprend-enfin-la-proposition-de-la-gauche-et-des-ecologistes\\\/\",\"url\":\"https:\\\/\\\/www.uges-isere.fr\\\/index.php\\\/2022\\\/07\\\/05\\\/desert-medicaux-5-ans-apres-la-majorite-reprend-enfin-la-proposition-de-la-gauche-et-des-ecologistes\\\/\",\"name\":\"D\u00e9serts m\u00e9dicaux\u00a0: 5 ans apr\u00e8s, la majorit\u00e9 reprend enfin la proposition de la gauche et des \u00e9cologistes - D\u00e9partement de l&#039;Is\u00e8re\",\"isPartOf\":{\"@id\":\"https:\\\/\\\/www.uges-isere.fr\\\/#website\"},\"primaryImageOfPage\":{\"@id\":\"https:\\\/\\\/www.uges-isere.fr\\\/index.php\\\/2022\\\/07\\\/05\\\/desert-medicaux-5-ans-apres-la-majorite-reprend-enfin-la-proposition-de-la-gauche-et-des-ecologistes\\\/#primaryimage\"},\"image\":{\"@id\":\"https:\\\/\\\/www.uges-isere.fr\\\/index.php\\\/2022\\\/07\\\/05\\\/desert-medicaux-5-ans-apres-la-majorite-reprend-enfin-la-proposition-de-la-gauche-et-des-ecologistes\\\/#primaryimage\"},\"thumbnailUrl\":\"https:\\\/\\\/www.uges-isere.fr\\\/wp-content\\\/uploads\\\/2022\\\/07\\\/doctor-gbe7edd2c7_1920.jpg\",\"datePublished\":\"2022-07-05T08:32:39+00:00\",\"dateModified\":\"2026-02-27T15:52:43+00:00\",\"breadcrumb\":{\"@id\":\"https:\\\/\\\/www.uges-isere.fr\\\/index.php\\\/2022\\\/07\\\/05\\\/desert-medicaux-5-ans-apres-la-majorite-reprend-enfin-la-proposition-de-la-gauche-et-des-ecologistes\\\/#breadcrumb\"},\"inLanguage\":\"fr-FR\",\"potentialAction\":[{\"@type\":\"ReadAction\",\"target\":[\"https:\\\/\\\/www.uges-isere.fr\\\/index.php\\\/2022\\\/07\\\/05\\\/desert-medicaux-5-ans-apres-la-majorite-reprend-enfin-la-proposition-de-la-gauche-et-des-ecologistes\\\/\"]}]},{\"@type\":\"ImageObject\",\"inLanguage\":\"fr-FR\",\"@id\":\"https:\\\/\\\/www.uges-isere.fr\\\/index.php\\\/2022\\\/07\\\/05\\\/desert-medicaux-5-ans-apres-la-majorite-reprend-enfin-la-proposition-de-la-gauche-et-des-ecologistes\\\/#primaryimage\",\"url\":\"https:\\\/\\\/www.uges-isere.fr\\\/wp-content\\\/uploads\\\/2022\\\/07\\\/doctor-gbe7edd2c7_1920.jpg\",\"contentUrl\":\"https:\\\/\\\/www.uges-isere.fr\\\/wp-content\\\/uploads\\\/2022\\\/07\\\/doctor-gbe7edd2c7_1920.jpg\",\"width\":1920,\"height\":1280},{\"@type\":\"BreadcrumbList\",\"@id\":\"https:\\\/\\\/www.uges-isere.fr\\\/index.php\\\/2022\\\/07\\\/05\\\/desert-medicaux-5-ans-apres-la-majorite-reprend-enfin-la-proposition-de-la-gauche-et-des-ecologistes\\\/#breadcrumb\",\"itemListElement\":[{\"@type\":\"ListItem\",\"position\":1,\"name\":\"Accueil\",\"item\":\"https:\\\/\\\/www.uges-isere.fr\\\/\"},{\"@type\":\"ListItem\",\"position\":2,\"name\":\"D\u00e9serts m\u00e9dicaux\u00a0: 5 ans apr\u00e8s, la majorit\u00e9 reprend enfin la proposition de la gauche et des \u00e9cologistes\"}]},{\"@type\":\"WebSite\",\"@id\":\"https:\\\/\\\/www.uges-isere.fr\\\/#website\",\"url\":\"https:\\\/\\\/www.uges-isere.fr\\\/\",\"name\":\"D\u00e9partement de l&#039;Is\u00e8re\",\"description\":\"Groupe d&#039;opposition UGES\",\"publisher\":{\"@id\":\"https:\\\/\\\/www.uges-isere.fr\\\/#organization\"},\"potentialAction\":[{\"@type\":\"SearchAction\",\"target\":{\"@type\":\"EntryPoint\",\"urlTemplate\":\"https:\\\/\\\/www.uges-isere.fr\\\/?s={search_term_string}\"},\"query-input\":{\"@type\":\"PropertyValueSpecification\",\"valueRequired\":true,\"valueName\":\"search_term_string\"}}],\"inLanguage\":\"fr-FR\"},{\"@type\":\"Organization\",\"@id\":\"https:\\\/\\\/www.uges-isere.fr\\\/#organization\",\"name\":\"D\u00e9partement de l'Is\u00e8re\",\"url\":\"https:\\\/\\\/www.uges-isere.fr\\\/\",\"logo\":{\"@type\":\"ImageObject\",\"inLanguage\":\"fr-FR\",\"@id\":\"https:\\\/\\\/www.uges-isere.fr\\\/#\\\/schema\\\/logo\\\/image\\\/\",\"url\":\"https:\\\/\\\/www.uges-isere.fr\\\/wp-content\\\/uploads\\\/2021\\\/10\\\/logo-ok.png\",\"contentUrl\":\"https:\\\/\\\/www.uges-isere.fr\\\/wp-content\\\/uploads\\\/2021\\\/10\\\/logo-ok.png\",\"width\":2859,\"height\":1816,\"caption\":\"D\u00e9partement de l'Is\u00e8re\"},\"image\":{\"@id\":\"https:\\\/\\\/www.uges-isere.fr\\\/#\\\/schema\\\/logo\\\/image\\\/\"},\"sameAs\":[\"https:\\\/\\\/www.facebook.com\\\/LePrintemps38\",\"https:\\\/\\\/x.com\\\/GroupeUGES38\"]},{\"@type\":\"Person\",\"@id\":\"https:\\\/\\\/www.uges-isere.fr\\\/#\\\/schema\\\/person\\\/a200926d67119314e8837b6a085de83a\",\"name\":\"ThibaudUGES38\",\"image\":{\"@type\":\"ImageObject\",\"inLanguage\":\"fr-FR\",\"@id\":\"https:\\\/\\\/secure.gravatar.com\\\/avatar\\\/e182ebfe597e409aafe3378f828607b2b757ed94a3489b20112818296e03b151?s=96&d=mm&r=g\",\"url\":\"https:\\\/\\\/secure.gravatar.com\\\/avatar\\\/e182ebfe597e409aafe3378f828607b2b757ed94a3489b20112818296e03b151?s=96&d=mm&r=g\",\"contentUrl\":\"https:\\\/\\\/secure.gravatar.com\\\/avatar\\\/e182ebfe597e409aafe3378f828607b2b757ed94a3489b20112818296e03b151?s=96&d=mm&r=g\",\"caption\":\"ThibaudUGES38\"},\"url\":\"https:\\\/\\\/www.uges-isere.fr\\\/index.php\\\/author\\\/thibauduges38\\\/\"}]}<\/script>\n<!-- \/ Yoast SEO plugin. -->","yoast_head_json":{"title":"D\u00e9serts m\u00e9dicaux\u00a0: 5 ans apr\u00e8s, la majorit\u00e9 reprend enfin la proposition de la gauche et des \u00e9cologistes - D\u00e9partement de l&#039;Is\u00e8re","robots":{"index":"index","follow":"follow","max-snippet":"max-snippet:-1","max-image-preview":"max-image-preview:large","max-video-preview":"max-video-preview:-1"},"canonical":"https:\/\/www.uges-isere.fr\/index.php\/2022\/07\/05\/desert-medicaux-5-ans-apres-la-majorite-reprend-enfin-la-proposition-de-la-gauche-et-des-ecologistes\/","og_locale":"fr_FR","og_type":"article","og_title":"D\u00e9serts m\u00e9dicaux\u00a0: 5 ans apr\u00e8s, la majorit\u00e9 reprend enfin la proposition de la gauche et des \u00e9cologistes - D\u00e9partement de l&#039;Is\u00e8re","og_description":"Le Vendredi 24 juin, lors de la s\u00e9ance publique, le D\u00e9partement de l\u2019Is\u00e8re a adopt\u00e9 un nouveau plan &hellip;","og_url":"https:\/\/www.uges-isere.fr\/index.php\/2022\/07\/05\/desert-medicaux-5-ans-apres-la-majorite-reprend-enfin-la-proposition-de-la-gauche-et-des-ecologistes\/","og_site_name":"D\u00e9partement de l&#039;Is\u00e8re","article_publisher":"https:\/\/www.facebook.com\/LePrintemps38","article_published_time":"2022-07-05T08:32:39+00:00","article_modified_time":"2026-02-27T15:52:43+00:00","og_image":[{"width":1920,"height":1280,"url":"https:\/\/www.uges-isere.fr\/wp-content\/uploads\/2022\/07\/doctor-gbe7edd2c7_1920.jpg","type":"image\/jpeg"}],"author":"ThibaudUGES38","twitter_card":"summary_large_image","twitter_creator":"@GroupeUGES38","twitter_site":"@GroupeUGES38","twitter_misc":{"\u00c9crit par":"ThibaudUGES38","Dur\u00e9e de lecture estim\u00e9e":"3 minutes"},"schema":{"@context":"https:\/\/schema.org","@graph":[{"@type":"Article","@id":"https:\/\/www.uges-isere.fr\/index.php\/2022\/07\/05\/desert-medicaux-5-ans-apres-la-majorite-reprend-enfin-la-proposition-de-la-gauche-et-des-ecologistes\/#article","isPartOf":{"@id":"https:\/\/www.uges-isere.fr\/index.php\/2022\/07\/05\/desert-medicaux-5-ans-apres-la-majorite-reprend-enfin-la-proposition-de-la-gauche-et-des-ecologistes\/"},"author":{"name":"ThibaudUGES38","@id":"https:\/\/www.uges-isere.fr\/#\/schema\/person\/a200926d67119314e8837b6a085de83a"},"headline":"D\u00e9serts m\u00e9dicaux\u00a0: 5 ans apr\u00e8s, la majorit\u00e9 reprend enfin la proposition de la gauche et des \u00e9cologistes","datePublished":"2022-07-05T08:32:39+00:00","dateModified":"2026-02-27T15:52:43+00:00","mainEntityOfPage":{"@id":"https:\/\/www.uges-isere.fr\/index.php\/2022\/07\/05\/desert-medicaux-5-ans-apres-la-majorite-reprend-enfin-la-proposition-de-la-gauche-et-des-ecologistes\/"},"wordCount":610,"publisher":{"@id":"https:\/\/www.uges-isere.fr\/#organization"},"image":{"@id":"https:\/\/www.uges-isere.fr\/index.php\/2022\/07\/05\/desert-medicaux-5-ans-apres-la-majorite-reprend-enfin-la-proposition-de-la-gauche-et-des-ecologistes\/#primaryimage"},"thumbnailUrl":"https:\/\/www.uges-isere.fr\/wp-content\/uploads\/2022\/07\/doctor-gbe7edd2c7_1920.jpg","articleSection":["Action sociale","S\u00e9ance publique (Budget suppl\u00e9mentaire) - Juin 2022"],"inLanguage":"fr-FR"},{"@type":"WebPage","@id":"https:\/\/www.uges-isere.fr\/index.php\/2022\/07\/05\/desert-medicaux-5-ans-apres-la-majorite-reprend-enfin-la-proposition-de-la-gauche-et-des-ecologistes\/","url":"https:\/\/www.uges-isere.fr\/index.php\/2022\/07\/05\/desert-medicaux-5-ans-apres-la-majorite-reprend-enfin-la-proposition-de-la-gauche-et-des-ecologistes\/","name":"D\u00e9serts m\u00e9dicaux\u00a0: 5 ans apr\u00e8s, la majorit\u00e9 reprend enfin la proposition de la gauche et des \u00e9cologistes - D\u00e9partement de l&#039;Is\u00e8re","isPartOf":{"@id":"https:\/\/www.uges-isere.fr\/#website"},"primaryImageOfPage":{"@id":"https:\/\/www.uges-isere.fr\/index.php\/2022\/07\/05\/desert-medicaux-5-ans-apres-la-majorite-reprend-enfin-la-proposition-de-la-gauche-et-des-ecologistes\/#primaryimage"},"image":{"@id":"https:\/\/www.uges-isere.fr\/index.php\/2022\/07\/05\/desert-medicaux-5-ans-apres-la-majorite-reprend-enfin-la-proposition-de-la-gauche-et-des-ecologistes\/#primaryimage"},"thumbnailUrl":"https:\/\/www.uges-isere.fr\/wp-content\/uploads\/2022\/07\/doctor-gbe7edd2c7_1920.jpg","datePublished":"2022-07-05T08:32:39+00:00","dateModified":"2026-02-27T15:52:43+00:00","breadcrumb":{"@id":"https:\/\/www.uges-isere.fr\/index.php\/2022\/07\/05\/desert-medicaux-5-ans-apres-la-majorite-reprend-enfin-la-proposition-de-la-gauche-et-des-ecologistes\/#breadcrumb"},"inLanguage":"fr-FR","potentialAction":[{"@type":"ReadAction","target":["https:\/\/www.uges-isere.fr\/index.php\/2022\/07\/05\/desert-medicaux-5-ans-apres-la-majorite-reprend-enfin-la-proposition-de-la-gauche-et-des-ecologistes\/"]}]},{"@type":"ImageObject","inLanguage":"fr-FR","@id":"https:\/\/www.uges-isere.fr\/index.php\/2022\/07\/05\/desert-medicaux-5-ans-apres-la-majorite-reprend-enfin-la-proposition-de-la-gauche-et-des-ecologistes\/#primaryimage","url":"https:\/\/www.uges-isere.fr\/wp-content\/uploads\/2022\/07\/doctor-gbe7edd2c7_1920.jpg","contentUrl":"https:\/\/www.uges-isere.fr\/wp-content\/uploads\/2022\/07\/doctor-gbe7edd2c7_1920.jpg","width":1920,"height":1280},{"@type":"BreadcrumbList","@id":"https:\/\/www.uges-isere.fr\/index.php\/2022\/07\/05\/desert-medicaux-5-ans-apres-la-majorite-reprend-enfin-la-proposition-de-la-gauche-et-des-ecologistes\/#breadcrumb","itemListElement":[{"@type":"ListItem","position":1,"name":"Accueil","item":"https:\/\/www.uges-isere.fr\/"},{"@type":"ListItem","position":2,"name":"D\u00e9serts m\u00e9dicaux\u00a0: 5 ans apr\u00e8s, la majorit\u00e9 reprend enfin la proposition de la gauche et des \u00e9cologistes"}]},{"@type":"WebSite","@id":"https:\/\/www.uges-isere.fr\/#website","url":"https:\/\/www.uges-isere.fr\/","name":"D\u00e9partement de l&#039;Is\u00e8re","description":"Groupe d&#039;opposition UGES","publisher":{"@id":"https:\/\/www.uges-isere.fr\/#organization"},"potentialAction":[{"@type":"SearchAction","target":{"@type":"EntryPoint","urlTemplate":"https:\/\/www.uges-isere.fr\/?s={search_term_string}"},"query-input":{"@type":"PropertyValueSpecification","valueRequired":true,"valueName":"search_term_string"}}],"inLanguage":"fr-FR"},{"@type":"Organization","@id":"https:\/\/www.uges-isere.fr\/#organization","name":"D\u00e9partement de l'Is\u00e8re","url":"https:\/\/www.uges-isere.fr\/","logo":{"@type":"ImageObject","inLanguage":"fr-FR","@id":"https:\/\/www.uges-isere.fr\/#\/schema\/logo\/image\/","url":"https:\/\/www.uges-isere.fr\/wp-content\/uploads\/2021\/10\/logo-ok.png","contentUrl":"https:\/\/www.uges-isere.fr\/wp-content\/uploads\/2021\/10\/logo-ok.png","width":2859,"height":1816,"caption":"D\u00e9partement de l'Is\u00e8re"},"image":{"@id":"https:\/\/www.uges-isere.fr\/#\/schema\/logo\/image\/"},"sameAs":["https:\/\/www.facebook.com\/LePrintemps38","https:\/\/x.com\/GroupeUGES38"]},{"@type":"Person","@id":"https:\/\/www.uges-isere.fr\/#\/schema\/person\/a200926d67119314e8837b6a085de83a","name":"ThibaudUGES38","image":{"@type":"ImageObject","inLanguage":"fr-FR","@id":"https:\/\/secure.gravatar.com\/avatar\/e182ebfe597e409aafe3378f828607b2b757ed94a3489b20112818296e03b151?s=96&d=mm&r=g","url":"https:\/\/secure.gravatar.com\/avatar\/e182ebfe597e409aafe3378f828607b2b757ed94a3489b20112818296e03b151?s=96&d=mm&r=g","contentUrl":"https:\/\/secure.gravatar.com\/avatar\/e182ebfe597e409aafe3378f828607b2b757ed94a3489b20112818296e03b151?s=96&d=mm&r=g","caption":"ThibaudUGES38"},"url":"https:\/\/www.uges-isere.fr\/index.php\/author\/thibauduges38\/"}]}},"_links":{"self":[{"href":"https:\/\/www.uges-isere.fr\/index.php\/wp-json\/wp\/v2\/posts\/521844","targetHints":{"allow":["GET"]}}],"collection":[{"href":"https:\/\/www.uges-isere.fr\/index.php\/wp-json\/wp\/v2\/posts"}],"about":[{"href":"https:\/\/www.uges-isere.fr\/index.php\/wp-json\/wp\/v2\/types\/post"}],"author":[{"embeddable":true,"href":"https:\/\/www.uges-isere.fr\/index.php\/wp-json\/wp\/v2\/users\/8"}],"replies":[{"embeddable":true,"href":"https:\/\/www.uges-isere.fr\/index.php\/wp-json\/wp\/v2\/comments?post=521844"}],"version-history":[{"count":2,"href":"https:\/\/www.uges-isere.fr\/index.php\/wp-json\/wp\/v2\/posts\/521844\/revisions"}],"predecessor-version":[{"id":523399,"href":"https:\/\/www.uges-isere.fr\/index.php\/wp-json\/wp\/v2\/posts\/521844\/revisions\/523399"}],"wp:featuredmedia":[{"embeddable":true,"href":"https:\/\/www.uges-isere.fr\/index.php\/wp-json\/wp\/v2\/media\/521857"}],"wp:attachment":[{"href":"https:\/\/www.uges-isere.fr\/index.php\/wp-json\/wp\/v2\/media?parent=521844"}],"wp:term":[{"taxonomy":"category","embeddable":true,"href":"https:\/\/www.uges-isere.fr\/index.php\/wp-json\/wp\/v2\/categories?post=521844"},{"taxonomy":"post_tag","embeddable":true,"href":"https:\/\/www.uges-isere.fr\/index.php\/wp-json\/wp\/v2\/tags?post=521844"}],"curies":[{"name":"wp","href":"https:\/\/api.w.org\/{rel}","templated":true}]}}