{"id":376029,"date":"2021-12-01T11:01:00","date_gmt":"2021-12-01T10:01:00","guid":{"rendered":"https:\/\/www.uges-isere.fr\/?p=376029"},"modified":"2022-03-09T11:11:48","modified_gmt":"2022-03-09T10:11:48","slug":"tribune-soutenir-la-pratique-du-sport-pour-toutes-et-tous","status":"publish","type":"post","link":"https:\/\/www.uges-isere.fr\/index.php\/2021\/12\/01\/tribune-soutenir-la-pratique-du-sport-pour-toutes-et-tous\/","title":{"rendered":"TRIBUNE : SOUTENIR LA PRATIQUE DU SPORT POUR TOUTES ET TOUS"},"content":{"rendered":"\n<p><em>Novembre\/D\u00e9cembre 2021<\/em><\/p>\n\n\n\n<p>Nous f\u00e9licitons les six m\u00e9daill\u00e9s olympiques et paralympiques de l\u2019Is\u00e8re, qui rejoignent au panth\u00e9on des Jeux, Albert S\u00e9guin, premier m\u00e9daill\u00e9 olympique is\u00e9rois. Bravo \u00e9galement \u00e0 tous les autres athl\u00e8tes is\u00e9rois s\u00e9lectionn\u00e9s aux JO de Tokyo, qui nous ont fait r\u00eaver et ont particip\u00e9 au rayonnement de notre d\u00e9partement.<\/p>\n\n\n\n<p>Le paysage sportif is\u00e9rois est riche de multiples pratiques, tant en loisir qu\u2019en comp\u00e9tition. Il a su s\u2019adapter en int\u00e9grant de nouvelles disciplines, et en prenant en compte de nouveaux enjeux comme le sport-sant\u00e9 et le sport bien-\u00eatre.<\/p>\n\n\n\n<p>Le D\u00e9partement doit encourager la pratique physique quel que soit l\u2019\u00e2ge, le niveau et les capacit\u00e9s. Il doit aussi inciter le d\u00e9veloppement des fili\u00e8res handisport et sport adapt\u00e9, afin de permettre la pratique de toutes et de tous. Pour cela, il peut s\u2019appuyer sur les nombreux acteurs de la vie sportive is\u00e9roise, b\u00e9n\u00e9voles ou professionnels, dont nous saluons l\u2019engagement.<\/p>\n\n\n\n<p>Enfin, favoriser la pratique sportive des jeunes is\u00e9rois est essentiel. Nous nous r\u00e9jouissons d\u2019ailleurs que la majorit\u00e9 d\u00e9partementale ait revu les modalit\u00e9s du Pass\u2019Sport suite \u00e0 nos interpellations et recommandations de juillet dernier. Pour cette rentr\u00e9e, le D\u00e9partement ne prendra donc pas \u00e0 sa charge 50 % de la seule licence f\u00e9d\u00e9rale, mais bien 50 % de l\u2019adh\u00e9sion annuelle compl\u00e8te. C\u2019est une excellente nouvelle pour nos associations ainsi que pour nos jeunes coll\u00e9giens et leurs familles et nous nous en f\u00e9licitons.<\/p>\n","protected":false},"excerpt":{"rendered":"<p>Novembre\/D\u00e9cembre 2021 Nous f\u00e9licitons les six m\u00e9daill\u00e9s olympiques et paralympiques de l\u2019Is\u00e8re, qui rejoignent au panth\u00e9on des Jeux, &hellip; <\/p>\n","protected":false},"author":1,"featured_media":376044,"comment_status":"closed","ping_status":"closed","sticky":false,"template":"","format":"standard","meta":{"footnotes":""},"categories":[11,20],"tags":[],"class_list":["post-376029","post","type-post","status-publish","format-standard","has-post-thumbnail","hentry","category-education-jeunesse-et-sports","category-expressions-tribune"],"yoast_head":"<!-- This site is optimized with the Yoast SEO plugin v27.5 - https:\/\/yoast.com\/product\/yoast-seo-wordpress\/ -->\n<title>TRIBUNE : SOUTENIR LA PRATIQUE DU SPORT POUR TOUTES ET TOUS - D\u00e9partement de l&#039;Is\u00e8re<\/title>\n<meta name=\"robots\" content=\"index, follow, max-snippet:-1, max-image-preview:large, max-video-preview:-1\" \/>\n<link rel=\"canonical\" href=\"https:\/\/www.uges-isere.fr\/index.php\/2021\/12\/01\/tribune-soutenir-la-pratique-du-sport-pour-toutes-et-tous\/\" \/>\n<meta property=\"og:locale\" content=\"fr_FR\" \/>\n<meta property=\"og:type\" content=\"article\" \/>\n<meta property=\"og:title\" content=\"TRIBUNE : SOUTENIR LA PRATIQUE DU SPORT POUR TOUTES ET TOUS - D\u00e9partement de l&#039;Is\u00e8re\" \/>\n<meta property=\"og:description\" content=\"Novembre\/D\u00e9cembre 2021 Nous f\u00e9licitons les six m\u00e9daill\u00e9s olympiques et paralympiques de l\u2019Is\u00e8re, qui rejoignent au panth\u00e9on des Jeux, &hellip;\" \/>\n<meta property=\"og:url\" content=\"https:\/\/www.uges-isere.fr\/index.php\/2021\/12\/01\/tribune-soutenir-la-pratique-du-sport-pour-toutes-et-tous\/\" \/>\n<meta property=\"og:site_name\" content=\"D\u00e9partement de l&#039;Is\u00e8re\" \/>\n<meta property=\"article:publisher\" content=\"https:\/\/www.facebook.com\/LePrintemps38\" \/>\n<meta property=\"article:published_time\" content=\"2021-12-01T10:01:00+00:00\" \/>\n<meta property=\"article:modified_time\" content=\"2022-03-09T10:11:48+00:00\" \/>\n<meta property=\"og:image\" content=\"https:\/\/www.uges-isere.fr\/wp-content\/uploads\/2022\/03\/badminton-g5406d26dd_1920.jpg\" \/>\n\t<meta property=\"og:image:width\" content=\"1920\" \/>\n\t<meta property=\"og:image:height\" content=\"1281\" \/>\n\t<meta property=\"og:image:type\" content=\"image\/jpeg\" \/>\n<meta name=\"author\" content=\"Le printemps is\u00e9rois\" \/>\n<meta name=\"twitter:card\" content=\"summary_large_image\" \/>\n<meta name=\"twitter:creator\" content=\"@GroupeUGES38\" \/>\n<meta name=\"twitter:site\" content=\"@GroupeUGES38\" \/>\n<meta name=\"twitter:label1\" content=\"\u00c9crit par\" \/>\n\t<meta name=\"twitter:data1\" content=\"Le printemps is\u00e9rois\" \/>\n\t<meta name=\"twitter:label2\" content=\"Dur\u00e9e de lecture estim\u00e9e\" \/>\n\t<meta name=\"twitter:data2\" content=\"1 minute\" \/>\n<script type=\"application\/ld+json\" class=\"yoast-schema-graph\">{\"@context\":\"https:\\\/\\\/schema.org\",\"@graph\":[{\"@type\":\"Article\",\"@id\":\"https:\\\/\\\/www.uges-isere.fr\\\/index.php\\\/2021\\\/12\\\/01\\\/tribune-soutenir-la-pratique-du-sport-pour-toutes-et-tous\\\/#article\",\"isPartOf\":{\"@id\":\"https:\\\/\\\/www.uges-isere.fr\\\/index.php\\\/2021\\\/12\\\/01\\\/tribune-soutenir-la-pratique-du-sport-pour-toutes-et-tous\\\/\"},\"author\":{\"name\":\"Le printemps is\u00e9rois\",\"@id\":\"https:\\\/\\\/www.uges-isere.fr\\\/#\\\/schema\\\/person\\\/d59baab2e5b354e04057a761c2524f62\"},\"headline\":\"TRIBUNE : SOUTENIR LA PRATIQUE DU SPORT POUR TOUTES ET TOUS\",\"datePublished\":\"2021-12-01T10:01:00+00:00\",\"dateModified\":\"2022-03-09T10:11:48+00:00\",\"mainEntityOfPage\":{\"@id\":\"https:\\\/\\\/www.uges-isere.fr\\\/index.php\\\/2021\\\/12\\\/01\\\/tribune-soutenir-la-pratique-du-sport-pour-toutes-et-tous\\\/\"},\"wordCount\":279,\"publisher\":{\"@id\":\"https:\\\/\\\/www.uges-isere.fr\\\/#organization\"},\"image\":{\"@id\":\"https:\\\/\\\/www.uges-isere.fr\\\/index.php\\\/2021\\\/12\\\/01\\\/tribune-soutenir-la-pratique-du-sport-pour-toutes-et-tous\\\/#primaryimage\"},\"thumbnailUrl\":\"https:\\\/\\\/www.uges-isere.fr\\\/wp-content\\\/uploads\\\/2022\\\/03\\\/badminton-g5406d26dd_1920.jpg\",\"articleSection\":[\"Education, jeunesse et sports\",\"Expressions - Tribune\"],\"inLanguage\":\"fr-FR\"},{\"@type\":\"WebPage\",\"@id\":\"https:\\\/\\\/www.uges-isere.fr\\\/index.php\\\/2021\\\/12\\\/01\\\/tribune-soutenir-la-pratique-du-sport-pour-toutes-et-tous\\\/\",\"url\":\"https:\\\/\\\/www.uges-isere.fr\\\/index.php\\\/2021\\\/12\\\/01\\\/tribune-soutenir-la-pratique-du-sport-pour-toutes-et-tous\\\/\",\"name\":\"TRIBUNE : SOUTENIR LA PRATIQUE DU SPORT POUR TOUTES ET TOUS - D\u00e9partement de l&#039;Is\u00e8re\",\"isPartOf\":{\"@id\":\"https:\\\/\\\/www.uges-isere.fr\\\/#website\"},\"primaryImageOfPage\":{\"@id\":\"https:\\\/\\\/www.uges-isere.fr\\\/index.php\\\/2021\\\/12\\\/01\\\/tribune-soutenir-la-pratique-du-sport-pour-toutes-et-tous\\\/#primaryimage\"},\"image\":{\"@id\":\"https:\\\/\\\/www.uges-isere.fr\\\/index.php\\\/2021\\\/12\\\/01\\\/tribune-soutenir-la-pratique-du-sport-pour-toutes-et-tous\\\/#primaryimage\"},\"thumbnailUrl\":\"https:\\\/\\\/www.uges-isere.fr\\\/wp-content\\\/uploads\\\/2022\\\/03\\\/badminton-g5406d26dd_1920.jpg\",\"datePublished\":\"2021-12-01T10:01:00+00:00\",\"dateModified\":\"2022-03-09T10:11:48+00:00\",\"breadcrumb\":{\"@id\":\"https:\\\/\\\/www.uges-isere.fr\\\/index.php\\\/2021\\\/12\\\/01\\\/tribune-soutenir-la-pratique-du-sport-pour-toutes-et-tous\\\/#breadcrumb\"},\"inLanguage\":\"fr-FR\",\"potentialAction\":[{\"@type\":\"ReadAction\",\"target\":[\"https:\\\/\\\/www.uges-isere.fr\\\/index.php\\\/2021\\\/12\\\/01\\\/tribune-soutenir-la-pratique-du-sport-pour-toutes-et-tous\\\/\"]}]},{\"@type\":\"ImageObject\",\"inLanguage\":\"fr-FR\",\"@id\":\"https:\\\/\\\/www.uges-isere.fr\\\/index.php\\\/2021\\\/12\\\/01\\\/tribune-soutenir-la-pratique-du-sport-pour-toutes-et-tous\\\/#primaryimage\",\"url\":\"https:\\\/\\\/www.uges-isere.fr\\\/wp-content\\\/uploads\\\/2022\\\/03\\\/badminton-g5406d26dd_1920.jpg\",\"contentUrl\":\"https:\\\/\\\/www.uges-isere.fr\\\/wp-content\\\/uploads\\\/2022\\\/03\\\/badminton-g5406d26dd_1920.jpg\",\"width\":1920,\"height\":1281},{\"@type\":\"BreadcrumbList\",\"@id\":\"https:\\\/\\\/www.uges-isere.fr\\\/index.php\\\/2021\\\/12\\\/01\\\/tribune-soutenir-la-pratique-du-sport-pour-toutes-et-tous\\\/#breadcrumb\",\"itemListElement\":[{\"@type\":\"ListItem\",\"position\":1,\"name\":\"Accueil\",\"item\":\"https:\\\/\\\/www.uges-isere.fr\\\/\"},{\"@type\":\"ListItem\",\"position\":2,\"name\":\"TRIBUNE : SOUTENIR LA PRATIQUE DU SPORT POUR TOUTES ET TOUS\"}]},{\"@type\":\"WebSite\",\"@id\":\"https:\\\/\\\/www.uges-isere.fr\\\/#website\",\"url\":\"https:\\\/\\\/www.uges-isere.fr\\\/\",\"name\":\"D\u00e9partement de l&#039;Is\u00e8re\",\"description\":\"Groupe d&#039;opposition UGES\",\"publisher\":{\"@id\":\"https:\\\/\\\/www.uges-isere.fr\\\/#organization\"},\"potentialAction\":[{\"@type\":\"SearchAction\",\"target\":{\"@type\":\"EntryPoint\",\"urlTemplate\":\"https:\\\/\\\/www.uges-isere.fr\\\/?s={search_term_string}\"},\"query-input\":{\"@type\":\"PropertyValueSpecification\",\"valueRequired\":true,\"valueName\":\"search_term_string\"}}],\"inLanguage\":\"fr-FR\"},{\"@type\":\"Organization\",\"@id\":\"https:\\\/\\\/www.uges-isere.fr\\\/#organization\",\"name\":\"D\u00e9partement de l'Is\u00e8re\",\"url\":\"https:\\\/\\\/www.uges-isere.fr\\\/\",\"logo\":{\"@type\":\"ImageObject\",\"inLanguage\":\"fr-FR\",\"@id\":\"https:\\\/\\\/www.uges-isere.fr\\\/#\\\/schema\\\/logo\\\/image\\\/\",\"url\":\"https:\\\/\\\/www.uges-isere.fr\\\/wp-content\\\/uploads\\\/2021\\\/10\\\/logo-ok.png\",\"contentUrl\":\"https:\\\/\\\/www.uges-isere.fr\\\/wp-content\\\/uploads\\\/2021\\\/10\\\/logo-ok.png\",\"width\":2859,\"height\":1816,\"caption\":\"D\u00e9partement de l'Is\u00e8re\"},\"image\":{\"@id\":\"https:\\\/\\\/www.uges-isere.fr\\\/#\\\/schema\\\/logo\\\/image\\\/\"},\"sameAs\":[\"https:\\\/\\\/www.facebook.com\\\/LePrintemps38\",\"https:\\\/\\\/x.com\\\/GroupeUGES38\"]},{\"@type\":\"Person\",\"@id\":\"https:\\\/\\\/www.uges-isere.fr\\\/#\\\/schema\\\/person\\\/d59baab2e5b354e04057a761c2524f62\",\"name\":\"Le printemps is\u00e9rois\",\"image\":{\"@type\":\"ImageObject\",\"inLanguage\":\"fr-FR\",\"@id\":\"https:\\\/\\\/secure.gravatar.com\\\/avatar\\\/a17699f402270fc321f5736672936558474822c28d27c0e88e8d057d3a87c4e4?s=96&d=mm&r=g\",\"url\":\"https:\\\/\\\/secure.gravatar.com\\\/avatar\\\/a17699f402270fc321f5736672936558474822c28d27c0e88e8d057d3a87c4e4?s=96&d=mm&r=g\",\"contentUrl\":\"https:\\\/\\\/secure.gravatar.com\\\/avatar\\\/a17699f402270fc321f5736672936558474822c28d27c0e88e8d057d3a87c4e4?s=96&d=mm&r=g\",\"caption\":\"Le printemps is\u00e9rois\"},\"url\":\"https:\\\/\\\/www.uges-isere.fr\\\/index.php\\\/author\\\/adminprintemps\\\/\"}]}<\/script>\n<!-- \/ Yoast SEO plugin. -->","yoast_head_json":{"title":"TRIBUNE : SOUTENIR LA PRATIQUE DU SPORT POUR TOUTES ET TOUS - D\u00e9partement de l&#039;Is\u00e8re","robots":{"index":"index","follow":"follow","max-snippet":"max-snippet:-1","max-image-preview":"max-image-preview:large","max-video-preview":"max-video-preview:-1"},"canonical":"https:\/\/www.uges-isere.fr\/index.php\/2021\/12\/01\/tribune-soutenir-la-pratique-du-sport-pour-toutes-et-tous\/","og_locale":"fr_FR","og_type":"article","og_title":"TRIBUNE : SOUTENIR LA PRATIQUE DU SPORT POUR TOUTES ET TOUS - D\u00e9partement de l&#039;Is\u00e8re","og_description":"Novembre\/D\u00e9cembre 2021 Nous f\u00e9licitons les six m\u00e9daill\u00e9s olympiques et paralympiques de l\u2019Is\u00e8re, qui rejoignent au panth\u00e9on des Jeux, &hellip;","og_url":"https:\/\/www.uges-isere.fr\/index.php\/2021\/12\/01\/tribune-soutenir-la-pratique-du-sport-pour-toutes-et-tous\/","og_site_name":"D\u00e9partement de l&#039;Is\u00e8re","article_publisher":"https:\/\/www.facebook.com\/LePrintemps38","article_published_time":"2021-12-01T10:01:00+00:00","article_modified_time":"2022-03-09T10:11:48+00:00","og_image":[{"width":1920,"height":1281,"url":"https:\/\/www.uges-isere.fr\/wp-content\/uploads\/2022\/03\/badminton-g5406d26dd_1920.jpg","type":"image\/jpeg"}],"author":"Le printemps is\u00e9rois","twitter_card":"summary_large_image","twitter_creator":"@GroupeUGES38","twitter_site":"@GroupeUGES38","twitter_misc":{"\u00c9crit par":"Le printemps is\u00e9rois","Dur\u00e9e de lecture estim\u00e9e":"1 minute"},"schema":{"@context":"https:\/\/schema.org","@graph":[{"@type":"Article","@id":"https:\/\/www.uges-isere.fr\/index.php\/2021\/12\/01\/tribune-soutenir-la-pratique-du-sport-pour-toutes-et-tous\/#article","isPartOf":{"@id":"https:\/\/www.uges-isere.fr\/index.php\/2021\/12\/01\/tribune-soutenir-la-pratique-du-sport-pour-toutes-et-tous\/"},"author":{"name":"Le printemps is\u00e9rois","@id":"https:\/\/www.uges-isere.fr\/#\/schema\/person\/d59baab2e5b354e04057a761c2524f62"},"headline":"TRIBUNE : SOUTENIR LA PRATIQUE DU SPORT POUR TOUTES ET TOUS","datePublished":"2021-12-01T10:01:00+00:00","dateModified":"2022-03-09T10:11:48+00:00","mainEntityOfPage":{"@id":"https:\/\/www.uges-isere.fr\/index.php\/2021\/12\/01\/tribune-soutenir-la-pratique-du-sport-pour-toutes-et-tous\/"},"wordCount":279,"publisher":{"@id":"https:\/\/www.uges-isere.fr\/#organization"},"image":{"@id":"https:\/\/www.uges-isere.fr\/index.php\/2021\/12\/01\/tribune-soutenir-la-pratique-du-sport-pour-toutes-et-tous\/#primaryimage"},"thumbnailUrl":"https:\/\/www.uges-isere.fr\/wp-content\/uploads\/2022\/03\/badminton-g5406d26dd_1920.jpg","articleSection":["Education, jeunesse et sports","Expressions - Tribune"],"inLanguage":"fr-FR"},{"@type":"WebPage","@id":"https:\/\/www.uges-isere.fr\/index.php\/2021\/12\/01\/tribune-soutenir-la-pratique-du-sport-pour-toutes-et-tous\/","url":"https:\/\/www.uges-isere.fr\/index.php\/2021\/12\/01\/tribune-soutenir-la-pratique-du-sport-pour-toutes-et-tous\/","name":"TRIBUNE : SOUTENIR LA PRATIQUE DU SPORT POUR TOUTES ET TOUS - D\u00e9partement de l&#039;Is\u00e8re","isPartOf":{"@id":"https:\/\/www.uges-isere.fr\/#website"},"primaryImageOfPage":{"@id":"https:\/\/www.uges-isere.fr\/index.php\/2021\/12\/01\/tribune-soutenir-la-pratique-du-sport-pour-toutes-et-tous\/#primaryimage"},"image":{"@id":"https:\/\/www.uges-isere.fr\/index.php\/2021\/12\/01\/tribune-soutenir-la-pratique-du-sport-pour-toutes-et-tous\/#primaryimage"},"thumbnailUrl":"https:\/\/www.uges-isere.fr\/wp-content\/uploads\/2022\/03\/badminton-g5406d26dd_1920.jpg","datePublished":"2021-12-01T10:01:00+00:00","dateModified":"2022-03-09T10:11:48+00:00","breadcrumb":{"@id":"https:\/\/www.uges-isere.fr\/index.php\/2021\/12\/01\/tribune-soutenir-la-pratique-du-sport-pour-toutes-et-tous\/#breadcrumb"},"inLanguage":"fr-FR","potentialAction":[{"@type":"ReadAction","target":["https:\/\/www.uges-isere.fr\/index.php\/2021\/12\/01\/tribune-soutenir-la-pratique-du-sport-pour-toutes-et-tous\/"]}]},{"@type":"ImageObject","inLanguage":"fr-FR","@id":"https:\/\/www.uges-isere.fr\/index.php\/2021\/12\/01\/tribune-soutenir-la-pratique-du-sport-pour-toutes-et-tous\/#primaryimage","url":"https:\/\/www.uges-isere.fr\/wp-content\/uploads\/2022\/03\/badminton-g5406d26dd_1920.jpg","contentUrl":"https:\/\/www.uges-isere.fr\/wp-content\/uploads\/2022\/03\/badminton-g5406d26dd_1920.jpg","width":1920,"height":1281},{"@type":"BreadcrumbList","@id":"https:\/\/www.uges-isere.fr\/index.php\/2021\/12\/01\/tribune-soutenir-la-pratique-du-sport-pour-toutes-et-tous\/#breadcrumb","itemListElement":[{"@type":"ListItem","position":1,"name":"Accueil","item":"https:\/\/www.uges-isere.fr\/"},{"@type":"ListItem","position":2,"name":"TRIBUNE : SOUTENIR LA PRATIQUE DU SPORT POUR TOUTES ET TOUS"}]},{"@type":"WebSite","@id":"https:\/\/www.uges-isere.fr\/#website","url":"https:\/\/www.uges-isere.fr\/","name":"D\u00e9partement de l&#039;Is\u00e8re","description":"Groupe d&#039;opposition UGES","publisher":{"@id":"https:\/\/www.uges-isere.fr\/#organization"},"potentialAction":[{"@type":"SearchAction","target":{"@type":"EntryPoint","urlTemplate":"https:\/\/www.uges-isere.fr\/?s={search_term_string}"},"query-input":{"@type":"PropertyValueSpecification","valueRequired":true,"valueName":"search_term_string"}}],"inLanguage":"fr-FR"},{"@type":"Organization","@id":"https:\/\/www.uges-isere.fr\/#organization","name":"D\u00e9partement de l'Is\u00e8re","url":"https:\/\/www.uges-isere.fr\/","logo":{"@type":"ImageObject","inLanguage":"fr-FR","@id":"https:\/\/www.uges-isere.fr\/#\/schema\/logo\/image\/","url":"https:\/\/www.uges-isere.fr\/wp-content\/uploads\/2021\/10\/logo-ok.png","contentUrl":"https:\/\/www.uges-isere.fr\/wp-content\/uploads\/2021\/10\/logo-ok.png","width":2859,"height":1816,"caption":"D\u00e9partement de l'Is\u00e8re"},"image":{"@id":"https:\/\/www.uges-isere.fr\/#\/schema\/logo\/image\/"},"sameAs":["https:\/\/www.facebook.com\/LePrintemps38","https:\/\/x.com\/GroupeUGES38"]},{"@type":"Person","@id":"https:\/\/www.uges-isere.fr\/#\/schema\/person\/d59baab2e5b354e04057a761c2524f62","name":"Le printemps is\u00e9rois","image":{"@type":"ImageObject","inLanguage":"fr-FR","@id":"https:\/\/secure.gravatar.com\/avatar\/a17699f402270fc321f5736672936558474822c28d27c0e88e8d057d3a87c4e4?s=96&d=mm&r=g","url":"https:\/\/secure.gravatar.com\/avatar\/a17699f402270fc321f5736672936558474822c28d27c0e88e8d057d3a87c4e4?s=96&d=mm&r=g","contentUrl":"https:\/\/secure.gravatar.com\/avatar\/a17699f402270fc321f5736672936558474822c28d27c0e88e8d057d3a87c4e4?s=96&d=mm&r=g","caption":"Le printemps is\u00e9rois"},"url":"https:\/\/www.uges-isere.fr\/index.php\/author\/adminprintemps\/"}]}},"_links":{"self":[{"href":"https:\/\/www.uges-isere.fr\/index.php\/wp-json\/wp\/v2\/posts\/376029","targetHints":{"allow":["GET"]}}],"collection":[{"href":"https:\/\/www.uges-isere.fr\/index.php\/wp-json\/wp\/v2\/posts"}],"about":[{"href":"https:\/\/www.uges-isere.fr\/index.php\/wp-json\/wp\/v2\/types\/post"}],"author":[{"embeddable":true,"href":"https:\/\/www.uges-isere.fr\/index.php\/wp-json\/wp\/v2\/users\/1"}],"replies":[{"embeddable":true,"href":"https:\/\/www.uges-isere.fr\/index.php\/wp-json\/wp\/v2\/comments?post=376029"}],"version-history":[{"count":1,"href":"https:\/\/www.uges-isere.fr\/index.php\/wp-json\/wp\/v2\/posts\/376029\/revisions"}],"predecessor-version":[{"id":376046,"href":"https:\/\/www.uges-isere.fr\/index.php\/wp-json\/wp\/v2\/posts\/376029\/revisions\/376046"}],"wp:featuredmedia":[{"embeddable":true,"href":"https:\/\/www.uges-isere.fr\/index.php\/wp-json\/wp\/v2\/media\/376044"}],"wp:attachment":[{"href":"https:\/\/www.uges-isere.fr\/index.php\/wp-json\/wp\/v2\/media?parent=376029"}],"wp:term":[{"taxonomy":"category","embeddable":true,"href":"https:\/\/www.uges-isere.fr\/index.php\/wp-json\/wp\/v2\/categories?post=376029"},{"taxonomy":"post_tag","embeddable":true,"href":"https:\/\/www.uges-isere.fr\/index.php\/wp-json\/wp\/v2\/tags?post=376029"}],"curies":[{"name":"wp","href":"https:\/\/api.w.org\/{rel}","templated":true}]}}