{"id":375850,"date":"2022-02-06T10:25:00","date_gmt":"2022-02-06T09:25:00","guid":{"rendered":"https:\/\/www.uges-isere.fr\/?p=375850"},"modified":"2022-03-09T10:39:52","modified_gmt":"2022-03-09T09:39:52","slug":"communique-de-presse-alerte-sur-la-baisse-des-moyens-humains-accordes-aux-colleges-iserois","status":"publish","type":"post","link":"https:\/\/www.uges-isere.fr\/index.php\/2022\/02\/06\/communique-de-presse-alerte-sur-la-baisse-des-moyens-humains-accordes-aux-colleges-iserois\/","title":{"rendered":"Communiqu\u00e9 de presse : Alerte sur la baisse des moyens humains accord\u00e9s aux coll\u00e8ges is\u00e9rois\u00a0!"},"content":{"rendered":"\n<p><em>Le 6 f\u00e9vrier 2022<\/em><\/p>\n\n\n\n<figure class=\"wp-block-image size-large\"><img loading=\"lazy\" decoding=\"async\" width=\"1024\" height=\"381\" src=\"https:\/\/www.uges-isere.fr\/wp-content\/uploads\/2022\/03\/a-book-g70d4fbf74_1920-1024x381.jpg\" alt=\"\" class=\"wp-image-375866\" srcset=\"https:\/\/www.uges-isere.fr\/wp-content\/uploads\/2022\/03\/a-book-g70d4fbf74_1920-1024x381.jpg 1024w, https:\/\/www.uges-isere.fr\/wp-content\/uploads\/2022\/03\/a-book-g70d4fbf74_1920-300x112.jpg 300w, https:\/\/www.uges-isere.fr\/wp-content\/uploads\/2022\/03\/a-book-g70d4fbf74_1920-768x286.jpg 768w, https:\/\/www.uges-isere.fr\/wp-content\/uploads\/2022\/03\/a-book-g70d4fbf74_1920-1536x572.jpg 1536w, https:\/\/www.uges-isere.fr\/wp-content\/uploads\/2022\/03\/a-book-g70d4fbf74_1920-1320x492.jpg 1320w, https:\/\/www.uges-isere.fr\/wp-content\/uploads\/2022\/03\/a-book-g70d4fbf74_1920.jpg 1920w\" sizes=\"auto, (max-width: 1024px) 100vw, 1024px\" \/><\/figure>\n\n\n\n<p>Les conseill\u00e8res et conseillers d\u00e9partementaux du Groupe Union de la Gauche Ecologiste et Solidaire (UGES) ont souhait\u00e9 alerter le Rectorat de l\u2019Acad\u00e9mie de Grenoble au sujet des moyens humains accord\u00e9s aux coll\u00e8ges dans lesquels ils si\u00e8gent.&nbsp;<\/p>\n\n\n\n<p>Le ph\u00e9nom\u00e8ne n\u2019est pas nouveau et dure depuis plusieurs ann\u00e9es:<strong> l\u2019estimation des Dotations Horaires Globales (c\u2019est-\u00e0-dire du volume d\u2019heures d\u2019enseignement) r\u00e9alis\u00e9e par l\u2019Inspection Acad\u00e9mique se r\u00e9v\u00e8le insuffisante<\/strong>. Par ailleurs, une part toujours plus importante est accord\u00e9e aux Heures Suppl\u00e9mentaires Ann\u00e9e (HSA), au d\u00e9triment des Heures Poste (HP), ce qui d\u00e9grade la qualit\u00e9 de l\u2019enseignement et les conditions de travail des enseignantes et enseignants.&nbsp;<\/p>\n\n\n\n<p>De plus, <strong>cette r\u00e9duction des moyens&nbsp; pousse les \u00e9tablissements \u00e0 r\u00e9duire de nombreux dispositifs b\u00e9n\u00e9ficiant aux \u00e9l\u00e8ves, et notamment aux&nbsp; plus en difficult\u00e9s<\/strong>: l\u2019Accompagnement Personnalis\u00e9 (AP), le d\u00e9doublement des heures pour d\u00e9velopper le travail de groupe, le co-enseignement, l\u2019accompagnement \u00e0 l\u2019orientation, ou encore les projets port\u00e9s par les \u00e9tablissements.<\/p>\n\n\n\n<p>Cette dynamique se d\u00e9cline dans l\u2019ensemble des coll\u00e8ges is\u00e9rois et les \u00e9tablissements class\u00e9s en R\u00e9seau d\u2019Education Prioritaire (REP et REP+) n\u2019\u00e9chappent malheureusement pas \u00e0 cette situation.&nbsp;<\/p>\n\n\n\n<p><strong>Les \u00e9lus du groupe soutiennent la communaut\u00e9 \u00e9ducative et les parents d\u2019\u00e9l\u00e8ves qui d\u00e9plorent ce ph\u00e9nom\u00e8ne depuis plusieurs ann\u00e9es<\/strong>.&nbsp;<\/p>\n\n\n\n<p><strong>Le Gouvernement est le premier responsable de cette situation<\/strong>. La r\u00e9duction des Dotations Horaires Globales ne permet pas aux \u00e9quipes enseignantes de r\u00e9aliser l\u2019ensemble de leurs missions dans de bonnes conditions et impacte \u00e0 terme la qualit\u00e9 des enseignements prodigu\u00e9s.&nbsp;<\/p>\n\n\n\n<p>Alors que nous faisons face depuis deux ans \u00e0 une crise sanitaire qui&nbsp; a plong\u00e9 les \u00e9tablissements dans une situation extr\u00eamement difficile, les \u00e9lu.e.s de gauche et \u00e9cologistes du D\u00e9partement appellent le Gouvernement \u00e0 une r\u00e9vision \u00e0 la hausse des Dotations Horaires Globales accord\u00e9es \u00e0 nos coll\u00e8ges.<\/p>\n","protected":false},"excerpt":{"rendered":"<p>Le 6 f\u00e9vrier 2022 Les conseill\u00e8res et conseillers d\u00e9partementaux du Groupe Union de la Gauche Ecologiste et Solidaire &hellip; <\/p>\n","protected":false},"author":8,"featured_media":375866,"comment_status":"closed","ping_status":"closed","sticky":false,"template":"","format":"standard","meta":{"footnotes":""},"categories":[18,11],"tags":[],"class_list":["post-375850","post","type-post","status-publish","format-standard","has-post-thumbnail","hentry","category-communique-de-presse","category-education-jeunesse-et-sports"],"yoast_head":"<!-- This site is optimized with the Yoast SEO plugin v27.5 - https:\/\/yoast.com\/product\/yoast-seo-wordpress\/ -->\n<title>Communiqu\u00e9 de presse : Alerte sur la baisse des moyens humains accord\u00e9s aux coll\u00e8ges is\u00e9rois\u00a0! - D\u00e9partement de l&#039;Is\u00e8re<\/title>\n<meta name=\"robots\" content=\"index, follow, max-snippet:-1, max-image-preview:large, max-video-preview:-1\" \/>\n<link rel=\"canonical\" href=\"https:\/\/www.uges-isere.fr\/index.php\/2022\/02\/06\/communique-de-presse-alerte-sur-la-baisse-des-moyens-humains-accordes-aux-colleges-iserois\/\" \/>\n<meta property=\"og:locale\" content=\"fr_FR\" \/>\n<meta property=\"og:type\" content=\"article\" \/>\n<meta property=\"og:title\" content=\"Communiqu\u00e9 de presse : Alerte sur la baisse des moyens humains accord\u00e9s aux coll\u00e8ges is\u00e9rois\u00a0! - D\u00e9partement de l&#039;Is\u00e8re\" \/>\n<meta property=\"og:description\" content=\"Le 6 f\u00e9vrier 2022 Les conseill\u00e8res et conseillers d\u00e9partementaux du Groupe Union de la Gauche Ecologiste et Solidaire &hellip;\" \/>\n<meta property=\"og:url\" content=\"https:\/\/www.uges-isere.fr\/index.php\/2022\/02\/06\/communique-de-presse-alerte-sur-la-baisse-des-moyens-humains-accordes-aux-colleges-iserois\/\" \/>\n<meta property=\"og:site_name\" content=\"D\u00e9partement de l&#039;Is\u00e8re\" \/>\n<meta property=\"article:publisher\" content=\"https:\/\/www.facebook.com\/LePrintemps38\" \/>\n<meta property=\"article:published_time\" content=\"2022-02-06T09:25:00+00:00\" \/>\n<meta property=\"article:modified_time\" content=\"2022-03-09T09:39:52+00:00\" \/>\n<meta property=\"og:image\" content=\"https:\/\/www.uges-isere.fr\/wp-content\/uploads\/2022\/03\/a-book-g70d4fbf74_1920.jpg\" \/>\n\t<meta property=\"og:image:width\" content=\"1920\" \/>\n\t<meta property=\"og:image:height\" content=\"715\" \/>\n\t<meta property=\"og:image:type\" content=\"image\/jpeg\" \/>\n<meta name=\"author\" content=\"ThibaudUGES38\" \/>\n<meta name=\"twitter:card\" content=\"summary_large_image\" \/>\n<meta name=\"twitter:creator\" content=\"@GroupeUGES38\" \/>\n<meta name=\"twitter:site\" content=\"@GroupeUGES38\" \/>\n<meta name=\"twitter:label1\" content=\"\u00c9crit par\" \/>\n\t<meta name=\"twitter:data1\" content=\"ThibaudUGES38\" \/>\n\t<meta name=\"twitter:label2\" content=\"Dur\u00e9e de lecture estim\u00e9e\" \/>\n\t<meta name=\"twitter:data2\" content=\"2 minutes\" \/>\n<script type=\"application\/ld+json\" class=\"yoast-schema-graph\">{\"@context\":\"https:\\\/\\\/schema.org\",\"@graph\":[{\"@type\":\"Article\",\"@id\":\"https:\\\/\\\/www.uges-isere.fr\\\/index.php\\\/2022\\\/02\\\/06\\\/communique-de-presse-alerte-sur-la-baisse-des-moyens-humains-accordes-aux-colleges-iserois\\\/#article\",\"isPartOf\":{\"@id\":\"https:\\\/\\\/www.uges-isere.fr\\\/index.php\\\/2022\\\/02\\\/06\\\/communique-de-presse-alerte-sur-la-baisse-des-moyens-humains-accordes-aux-colleges-iserois\\\/\"},\"author\":{\"name\":\"ThibaudUGES38\",\"@id\":\"https:\\\/\\\/www.uges-isere.fr\\\/#\\\/schema\\\/person\\\/a200926d67119314e8837b6a085de83a\"},\"headline\":\"Communiqu\u00e9 de presse : Alerte sur la baisse des moyens humains accord\u00e9s aux coll\u00e8ges is\u00e9rois\u00a0!\",\"datePublished\":\"2022-02-06T09:25:00+00:00\",\"dateModified\":\"2022-03-09T09:39:52+00:00\",\"mainEntityOfPage\":{\"@id\":\"https:\\\/\\\/www.uges-isere.fr\\\/index.php\\\/2022\\\/02\\\/06\\\/communique-de-presse-alerte-sur-la-baisse-des-moyens-humains-accordes-aux-colleges-iserois\\\/\"},\"wordCount\":365,\"publisher\":{\"@id\":\"https:\\\/\\\/www.uges-isere.fr\\\/#organization\"},\"image\":{\"@id\":\"https:\\\/\\\/www.uges-isere.fr\\\/index.php\\\/2022\\\/02\\\/06\\\/communique-de-presse-alerte-sur-la-baisse-des-moyens-humains-accordes-aux-colleges-iserois\\\/#primaryimage\"},\"thumbnailUrl\":\"https:\\\/\\\/www.uges-isere.fr\\\/wp-content\\\/uploads\\\/2022\\\/03\\\/a-book-g70d4fbf74_1920.jpg\",\"articleSection\":[\"Communiqu\u00e9s de presse\",\"Education, jeunesse et sports\"],\"inLanguage\":\"fr-FR\"},{\"@type\":\"WebPage\",\"@id\":\"https:\\\/\\\/www.uges-isere.fr\\\/index.php\\\/2022\\\/02\\\/06\\\/communique-de-presse-alerte-sur-la-baisse-des-moyens-humains-accordes-aux-colleges-iserois\\\/\",\"url\":\"https:\\\/\\\/www.uges-isere.fr\\\/index.php\\\/2022\\\/02\\\/06\\\/communique-de-presse-alerte-sur-la-baisse-des-moyens-humains-accordes-aux-colleges-iserois\\\/\",\"name\":\"Communiqu\u00e9 de presse : Alerte sur la baisse des moyens humains accord\u00e9s aux coll\u00e8ges is\u00e9rois\u00a0! - D\u00e9partement de l&#039;Is\u00e8re\",\"isPartOf\":{\"@id\":\"https:\\\/\\\/www.uges-isere.fr\\\/#website\"},\"primaryImageOfPage\":{\"@id\":\"https:\\\/\\\/www.uges-isere.fr\\\/index.php\\\/2022\\\/02\\\/06\\\/communique-de-presse-alerte-sur-la-baisse-des-moyens-humains-accordes-aux-colleges-iserois\\\/#primaryimage\"},\"image\":{\"@id\":\"https:\\\/\\\/www.uges-isere.fr\\\/index.php\\\/2022\\\/02\\\/06\\\/communique-de-presse-alerte-sur-la-baisse-des-moyens-humains-accordes-aux-colleges-iserois\\\/#primaryimage\"},\"thumbnailUrl\":\"https:\\\/\\\/www.uges-isere.fr\\\/wp-content\\\/uploads\\\/2022\\\/03\\\/a-book-g70d4fbf74_1920.jpg\",\"datePublished\":\"2022-02-06T09:25:00+00:00\",\"dateModified\":\"2022-03-09T09:39:52+00:00\",\"breadcrumb\":{\"@id\":\"https:\\\/\\\/www.uges-isere.fr\\\/index.php\\\/2022\\\/02\\\/06\\\/communique-de-presse-alerte-sur-la-baisse-des-moyens-humains-accordes-aux-colleges-iserois\\\/#breadcrumb\"},\"inLanguage\":\"fr-FR\",\"potentialAction\":[{\"@type\":\"ReadAction\",\"target\":[\"https:\\\/\\\/www.uges-isere.fr\\\/index.php\\\/2022\\\/02\\\/06\\\/communique-de-presse-alerte-sur-la-baisse-des-moyens-humains-accordes-aux-colleges-iserois\\\/\"]}]},{\"@type\":\"ImageObject\",\"inLanguage\":\"fr-FR\",\"@id\":\"https:\\\/\\\/www.uges-isere.fr\\\/index.php\\\/2022\\\/02\\\/06\\\/communique-de-presse-alerte-sur-la-baisse-des-moyens-humains-accordes-aux-colleges-iserois\\\/#primaryimage\",\"url\":\"https:\\\/\\\/www.uges-isere.fr\\\/wp-content\\\/uploads\\\/2022\\\/03\\\/a-book-g70d4fbf74_1920.jpg\",\"contentUrl\":\"https:\\\/\\\/www.uges-isere.fr\\\/wp-content\\\/uploads\\\/2022\\\/03\\\/a-book-g70d4fbf74_1920.jpg\",\"width\":1920,\"height\":715},{\"@type\":\"BreadcrumbList\",\"@id\":\"https:\\\/\\\/www.uges-isere.fr\\\/index.php\\\/2022\\\/02\\\/06\\\/communique-de-presse-alerte-sur-la-baisse-des-moyens-humains-accordes-aux-colleges-iserois\\\/#breadcrumb\",\"itemListElement\":[{\"@type\":\"ListItem\",\"position\":1,\"name\":\"Accueil\",\"item\":\"https:\\\/\\\/www.uges-isere.fr\\\/\"},{\"@type\":\"ListItem\",\"position\":2,\"name\":\"Communiqu\u00e9 de presse : Alerte sur la baisse des moyens humains accord\u00e9s aux coll\u00e8ges is\u00e9rois\u00a0!\"}]},{\"@type\":\"WebSite\",\"@id\":\"https:\\\/\\\/www.uges-isere.fr\\\/#website\",\"url\":\"https:\\\/\\\/www.uges-isere.fr\\\/\",\"name\":\"D\u00e9partement de l&#039;Is\u00e8re\",\"description\":\"Groupe d&#039;opposition UGES\",\"publisher\":{\"@id\":\"https:\\\/\\\/www.uges-isere.fr\\\/#organization\"},\"potentialAction\":[{\"@type\":\"SearchAction\",\"target\":{\"@type\":\"EntryPoint\",\"urlTemplate\":\"https:\\\/\\\/www.uges-isere.fr\\\/?s={search_term_string}\"},\"query-input\":{\"@type\":\"PropertyValueSpecification\",\"valueRequired\":true,\"valueName\":\"search_term_string\"}}],\"inLanguage\":\"fr-FR\"},{\"@type\":\"Organization\",\"@id\":\"https:\\\/\\\/www.uges-isere.fr\\\/#organization\",\"name\":\"D\u00e9partement de l'Is\u00e8re\",\"url\":\"https:\\\/\\\/www.uges-isere.fr\\\/\",\"logo\":{\"@type\":\"ImageObject\",\"inLanguage\":\"fr-FR\",\"@id\":\"https:\\\/\\\/www.uges-isere.fr\\\/#\\\/schema\\\/logo\\\/image\\\/\",\"url\":\"https:\\\/\\\/www.uges-isere.fr\\\/wp-content\\\/uploads\\\/2021\\\/10\\\/logo-ok.png\",\"contentUrl\":\"https:\\\/\\\/www.uges-isere.fr\\\/wp-content\\\/uploads\\\/2021\\\/10\\\/logo-ok.png\",\"width\":2859,\"height\":1816,\"caption\":\"D\u00e9partement de l'Is\u00e8re\"},\"image\":{\"@id\":\"https:\\\/\\\/www.uges-isere.fr\\\/#\\\/schema\\\/logo\\\/image\\\/\"},\"sameAs\":[\"https:\\\/\\\/www.facebook.com\\\/LePrintemps38\",\"https:\\\/\\\/x.com\\\/GroupeUGES38\"]},{\"@type\":\"Person\",\"@id\":\"https:\\\/\\\/www.uges-isere.fr\\\/#\\\/schema\\\/person\\\/a200926d67119314e8837b6a085de83a\",\"name\":\"ThibaudUGES38\",\"image\":{\"@type\":\"ImageObject\",\"inLanguage\":\"fr-FR\",\"@id\":\"https:\\\/\\\/secure.gravatar.com\\\/avatar\\\/e182ebfe597e409aafe3378f828607b2b757ed94a3489b20112818296e03b151?s=96&d=mm&r=g\",\"url\":\"https:\\\/\\\/secure.gravatar.com\\\/avatar\\\/e182ebfe597e409aafe3378f828607b2b757ed94a3489b20112818296e03b151?s=96&d=mm&r=g\",\"contentUrl\":\"https:\\\/\\\/secure.gravatar.com\\\/avatar\\\/e182ebfe597e409aafe3378f828607b2b757ed94a3489b20112818296e03b151?s=96&d=mm&r=g\",\"caption\":\"ThibaudUGES38\"},\"url\":\"https:\\\/\\\/www.uges-isere.fr\\\/index.php\\\/author\\\/thibauduges38\\\/\"}]}<\/script>\n<!-- \/ Yoast SEO plugin. -->","yoast_head_json":{"title":"Communiqu\u00e9 de presse : Alerte sur la baisse des moyens humains accord\u00e9s aux coll\u00e8ges is\u00e9rois\u00a0! - D\u00e9partement de l&#039;Is\u00e8re","robots":{"index":"index","follow":"follow","max-snippet":"max-snippet:-1","max-image-preview":"max-image-preview:large","max-video-preview":"max-video-preview:-1"},"canonical":"https:\/\/www.uges-isere.fr\/index.php\/2022\/02\/06\/communique-de-presse-alerte-sur-la-baisse-des-moyens-humains-accordes-aux-colleges-iserois\/","og_locale":"fr_FR","og_type":"article","og_title":"Communiqu\u00e9 de presse : Alerte sur la baisse des moyens humains accord\u00e9s aux coll\u00e8ges is\u00e9rois\u00a0! - D\u00e9partement de l&#039;Is\u00e8re","og_description":"Le 6 f\u00e9vrier 2022 Les conseill\u00e8res et conseillers d\u00e9partementaux du Groupe Union de la Gauche Ecologiste et Solidaire &hellip;","og_url":"https:\/\/www.uges-isere.fr\/index.php\/2022\/02\/06\/communique-de-presse-alerte-sur-la-baisse-des-moyens-humains-accordes-aux-colleges-iserois\/","og_site_name":"D\u00e9partement de l&#039;Is\u00e8re","article_publisher":"https:\/\/www.facebook.com\/LePrintemps38","article_published_time":"2022-02-06T09:25:00+00:00","article_modified_time":"2022-03-09T09:39:52+00:00","og_image":[{"width":1920,"height":715,"url":"https:\/\/www.uges-isere.fr\/wp-content\/uploads\/2022\/03\/a-book-g70d4fbf74_1920.jpg","type":"image\/jpeg"}],"author":"ThibaudUGES38","twitter_card":"summary_large_image","twitter_creator":"@GroupeUGES38","twitter_site":"@GroupeUGES38","twitter_misc":{"\u00c9crit par":"ThibaudUGES38","Dur\u00e9e de lecture estim\u00e9e":"2 minutes"},"schema":{"@context":"https:\/\/schema.org","@graph":[{"@type":"Article","@id":"https:\/\/www.uges-isere.fr\/index.php\/2022\/02\/06\/communique-de-presse-alerte-sur-la-baisse-des-moyens-humains-accordes-aux-colleges-iserois\/#article","isPartOf":{"@id":"https:\/\/www.uges-isere.fr\/index.php\/2022\/02\/06\/communique-de-presse-alerte-sur-la-baisse-des-moyens-humains-accordes-aux-colleges-iserois\/"},"author":{"name":"ThibaudUGES38","@id":"https:\/\/www.uges-isere.fr\/#\/schema\/person\/a200926d67119314e8837b6a085de83a"},"headline":"Communiqu\u00e9 de presse : Alerte sur la baisse des moyens humains accord\u00e9s aux coll\u00e8ges is\u00e9rois\u00a0!","datePublished":"2022-02-06T09:25:00+00:00","dateModified":"2022-03-09T09:39:52+00:00","mainEntityOfPage":{"@id":"https:\/\/www.uges-isere.fr\/index.php\/2022\/02\/06\/communique-de-presse-alerte-sur-la-baisse-des-moyens-humains-accordes-aux-colleges-iserois\/"},"wordCount":365,"publisher":{"@id":"https:\/\/www.uges-isere.fr\/#organization"},"image":{"@id":"https:\/\/www.uges-isere.fr\/index.php\/2022\/02\/06\/communique-de-presse-alerte-sur-la-baisse-des-moyens-humains-accordes-aux-colleges-iserois\/#primaryimage"},"thumbnailUrl":"https:\/\/www.uges-isere.fr\/wp-content\/uploads\/2022\/03\/a-book-g70d4fbf74_1920.jpg","articleSection":["Communiqu\u00e9s de presse","Education, jeunesse et sports"],"inLanguage":"fr-FR"},{"@type":"WebPage","@id":"https:\/\/www.uges-isere.fr\/index.php\/2022\/02\/06\/communique-de-presse-alerte-sur-la-baisse-des-moyens-humains-accordes-aux-colleges-iserois\/","url":"https:\/\/www.uges-isere.fr\/index.php\/2022\/02\/06\/communique-de-presse-alerte-sur-la-baisse-des-moyens-humains-accordes-aux-colleges-iserois\/","name":"Communiqu\u00e9 de presse : Alerte sur la baisse des moyens humains accord\u00e9s aux coll\u00e8ges is\u00e9rois\u00a0! - D\u00e9partement de l&#039;Is\u00e8re","isPartOf":{"@id":"https:\/\/www.uges-isere.fr\/#website"},"primaryImageOfPage":{"@id":"https:\/\/www.uges-isere.fr\/index.php\/2022\/02\/06\/communique-de-presse-alerte-sur-la-baisse-des-moyens-humains-accordes-aux-colleges-iserois\/#primaryimage"},"image":{"@id":"https:\/\/www.uges-isere.fr\/index.php\/2022\/02\/06\/communique-de-presse-alerte-sur-la-baisse-des-moyens-humains-accordes-aux-colleges-iserois\/#primaryimage"},"thumbnailUrl":"https:\/\/www.uges-isere.fr\/wp-content\/uploads\/2022\/03\/a-book-g70d4fbf74_1920.jpg","datePublished":"2022-02-06T09:25:00+00:00","dateModified":"2022-03-09T09:39:52+00:00","breadcrumb":{"@id":"https:\/\/www.uges-isere.fr\/index.php\/2022\/02\/06\/communique-de-presse-alerte-sur-la-baisse-des-moyens-humains-accordes-aux-colleges-iserois\/#breadcrumb"},"inLanguage":"fr-FR","potentialAction":[{"@type":"ReadAction","target":["https:\/\/www.uges-isere.fr\/index.php\/2022\/02\/06\/communique-de-presse-alerte-sur-la-baisse-des-moyens-humains-accordes-aux-colleges-iserois\/"]}]},{"@type":"ImageObject","inLanguage":"fr-FR","@id":"https:\/\/www.uges-isere.fr\/index.php\/2022\/02\/06\/communique-de-presse-alerte-sur-la-baisse-des-moyens-humains-accordes-aux-colleges-iserois\/#primaryimage","url":"https:\/\/www.uges-isere.fr\/wp-content\/uploads\/2022\/03\/a-book-g70d4fbf74_1920.jpg","contentUrl":"https:\/\/www.uges-isere.fr\/wp-content\/uploads\/2022\/03\/a-book-g70d4fbf74_1920.jpg","width":1920,"height":715},{"@type":"BreadcrumbList","@id":"https:\/\/www.uges-isere.fr\/index.php\/2022\/02\/06\/communique-de-presse-alerte-sur-la-baisse-des-moyens-humains-accordes-aux-colleges-iserois\/#breadcrumb","itemListElement":[{"@type":"ListItem","position":1,"name":"Accueil","item":"https:\/\/www.uges-isere.fr\/"},{"@type":"ListItem","position":2,"name":"Communiqu\u00e9 de presse : Alerte sur la baisse des moyens humains accord\u00e9s aux coll\u00e8ges is\u00e9rois\u00a0!"}]},{"@type":"WebSite","@id":"https:\/\/www.uges-isere.fr\/#website","url":"https:\/\/www.uges-isere.fr\/","name":"D\u00e9partement de l&#039;Is\u00e8re","description":"Groupe d&#039;opposition UGES","publisher":{"@id":"https:\/\/www.uges-isere.fr\/#organization"},"potentialAction":[{"@type":"SearchAction","target":{"@type":"EntryPoint","urlTemplate":"https:\/\/www.uges-isere.fr\/?s={search_term_string}"},"query-input":{"@type":"PropertyValueSpecification","valueRequired":true,"valueName":"search_term_string"}}],"inLanguage":"fr-FR"},{"@type":"Organization","@id":"https:\/\/www.uges-isere.fr\/#organization","name":"D\u00e9partement de l'Is\u00e8re","url":"https:\/\/www.uges-isere.fr\/","logo":{"@type":"ImageObject","inLanguage":"fr-FR","@id":"https:\/\/www.uges-isere.fr\/#\/schema\/logo\/image\/","url":"https:\/\/www.uges-isere.fr\/wp-content\/uploads\/2021\/10\/logo-ok.png","contentUrl":"https:\/\/www.uges-isere.fr\/wp-content\/uploads\/2021\/10\/logo-ok.png","width":2859,"height":1816,"caption":"D\u00e9partement de l'Is\u00e8re"},"image":{"@id":"https:\/\/www.uges-isere.fr\/#\/schema\/logo\/image\/"},"sameAs":["https:\/\/www.facebook.com\/LePrintemps38","https:\/\/x.com\/GroupeUGES38"]},{"@type":"Person","@id":"https:\/\/www.uges-isere.fr\/#\/schema\/person\/a200926d67119314e8837b6a085de83a","name":"ThibaudUGES38","image":{"@type":"ImageObject","inLanguage":"fr-FR","@id":"https:\/\/secure.gravatar.com\/avatar\/e182ebfe597e409aafe3378f828607b2b757ed94a3489b20112818296e03b151?s=96&d=mm&r=g","url":"https:\/\/secure.gravatar.com\/avatar\/e182ebfe597e409aafe3378f828607b2b757ed94a3489b20112818296e03b151?s=96&d=mm&r=g","contentUrl":"https:\/\/secure.gravatar.com\/avatar\/e182ebfe597e409aafe3378f828607b2b757ed94a3489b20112818296e03b151?s=96&d=mm&r=g","caption":"ThibaudUGES38"},"url":"https:\/\/www.uges-isere.fr\/index.php\/author\/thibauduges38\/"}]}},"_links":{"self":[{"href":"https:\/\/www.uges-isere.fr\/index.php\/wp-json\/wp\/v2\/posts\/375850","targetHints":{"allow":["GET"]}}],"collection":[{"href":"https:\/\/www.uges-isere.fr\/index.php\/wp-json\/wp\/v2\/posts"}],"about":[{"href":"https:\/\/www.uges-isere.fr\/index.php\/wp-json\/wp\/v2\/types\/post"}],"author":[{"embeddable":true,"href":"https:\/\/www.uges-isere.fr\/index.php\/wp-json\/wp\/v2\/users\/8"}],"replies":[{"embeddable":true,"href":"https:\/\/www.uges-isere.fr\/index.php\/wp-json\/wp\/v2\/comments?post=375850"}],"version-history":[{"count":1,"href":"https:\/\/www.uges-isere.fr\/index.php\/wp-json\/wp\/v2\/posts\/375850\/revisions"}],"predecessor-version":[{"id":375868,"href":"https:\/\/www.uges-isere.fr\/index.php\/wp-json\/wp\/v2\/posts\/375850\/revisions\/375868"}],"wp:featuredmedia":[{"embeddable":true,"href":"https:\/\/www.uges-isere.fr\/index.php\/wp-json\/wp\/v2\/media\/375866"}],"wp:attachment":[{"href":"https:\/\/www.uges-isere.fr\/index.php\/wp-json\/wp\/v2\/media?parent=375850"}],"wp:term":[{"taxonomy":"category","embeddable":true,"href":"https:\/\/www.uges-isere.fr\/index.php\/wp-json\/wp\/v2\/categories?post=375850"},{"taxonomy":"post_tag","embeddable":true,"href":"https:\/\/www.uges-isere.fr\/index.php\/wp-json\/wp\/v2\/tags?post=375850"}],"curies":[{"name":"wp","href":"https:\/\/api.w.org\/{rel}","templated":true}]}}