{"id":339140,"date":"2022-01-28T14:31:10","date_gmt":"2022-01-28T13:31:10","guid":{"rendered":"https:\/\/www.uges-isere.fr\/?p=339140"},"modified":"2022-02-25T13:36:43","modified_gmt":"2022-02-25T12:36:43","slug":"financements-des-colleges-publics-et-prives-pour-une-repartition-plus-juste","status":"publish","type":"post","link":"https:\/\/www.uges-isere.fr\/index.php\/2022\/01\/28\/financements-des-colleges-publics-et-prives-pour-une-repartition-plus-juste\/","title":{"rendered":"Financements des coll\u00e8ges publics et priv\u00e9s\u00a0: pour une r\u00e9partition plus juste"},"content":{"rendered":"\n<div class=\"wp-block-columns is-layout-flex wp-container-core-columns-is-layout-9d6595d7 wp-block-columns-is-layout-flex\">\n<div class=\"wp-block-column is-layout-flow wp-block-column-is-layout-flow\" style=\"flex-basis:100%\">\n<p id=\"lors-de-la-presentation-du-budget-primitif-2022-la-majorite-a-presente-son-plan-d-investissement-pour-les-colleges-prives-et-publics-pour-2022-deux-visions-politiques-se-sont-affrontees-le-groupe-uges-par-la-voix-de-son-conseiller-departemental-simon-billouet-conseiller-departemental-de-grenoble-3-a-propose-un-amendement-a-ce-plan-d-investissement-visant-a-reequilibrer-les-financements-entre-colleges-publics-et-prives\"><strong>Lors de la pr\u00e9sentation du budget primitif &nbsp;2022, la majorit\u00e9 a pr\u00e9sent\u00e9 son plan d\u2019investissement pour les coll\u00e8ges priv\u00e9s et publics pour 2022. Deux visions politiques se sont affront\u00e9es. Le groupe UGES par la voix de son conseiller d\u00e9partemental Simon Billouet, conseiller d\u00e9partemental de Grenoble 3, a propos\u00e9 un amendement \u00e0 ce plan d\u2019investissement visant \u00e0 r\u00e9\u00e9quilibrer les financements entre coll\u00e8ges publics et priv\u00e9s.<\/strong><\/p>\n<\/div>\n<\/div>\n\n\n\n<div class=\"wp-block-columns is-layout-flex wp-container-core-columns-is-layout-9d6595d7 wp-block-columns-is-layout-flex\">\n<div class=\"wp-block-column is-layout-flow wp-block-column-is-layout-flow\" style=\"flex-basis:100%\">\n<p>Dans la pr\u00e9sentation du budget primitif, la majorit\u00e9 \u00e9crit&nbsp;: \u00ab&nbsp;Recherchant l&rsquo;\u00e9galit\u00e9 de tous les coll\u00e9giens du territoire, le D\u00e9partement s&rsquo;engagera au profit des \u00e9tablissements priv\u00e9s, afin de leur apporter proportionnellement autant de soutien qu&rsquo;aux \u00e9tablissements publics, conform\u00e9ment \u00e0 la loi.&nbsp;\u00bb. Le d\u00e9partement de l\u2019Is\u00e8re finance aujourd\u2019hui les coll\u00e8ges priv\u00e9s \u00e0 hauteur du taux maximal autoris\u00e9, soit 10% des d\u00e9penses d&rsquo;investissement (selon la loi Falloux puis le Code de l&rsquo;\u00e9ducation).<\/p>\n<\/div>\n<\/div>\n\n\n\n<div class=\"wp-block-columns is-layout-flex wp-container-core-columns-is-layout-9d6595d7 wp-block-columns-is-layout-flex\">\n<div class=\"wp-block-column is-layout-flow wp-block-column-is-layout-flow\" style=\"flex-basis:100%\">\n<p>Le groupe UGES a donc propos\u00e9 de ramener &nbsp;le soutien de la collectivit\u00e9 \u00e0 7,5% des d\u00e9penses annuelles de ces \u00e9tablissements comme c\u2019\u00e9tait le cas pr\u00e9c\u00e9demment ( hors dotations de l\u2019\u00c9tat et de ses collectivit\u00e9s) et d\u2019affecter la somme restante \u00e0 la construction et la r\u00e9habilitation des coll\u00e8ges publics. Ce taux n\u2019a pas vocation \u00e0 \u00eatre constant sur toutes les d\u00e9penses&nbsp;: il est normal de financer au taux maximal l\u2019investissement de petites structures sans grande autonomie financi\u00e8re. \u00c0 l\u2019inverse, il semblerait plus juste de limiter cet investissement pour des structures en bonne sant\u00e9, qui n\u2019ont pas besoin de l\u2019argent public pour mener \u00e0 bien leurs op\u00e9rations d\u2019investissement.<\/p>\n<\/div>\n<\/div>\n\n\n\n<div class=\"wp-block-columns is-layout-flex wp-container-core-columns-is-layout-9d6595d7 wp-block-columns-is-layout-flex\">\n<div class=\"wp-block-column is-layout-flow wp-block-column-is-layout-flow\" style=\"flex-basis:100%\">\n<p>Ce soutien facultatif de la collectivit\u00e9 ne favorise pas l&rsquo;\u00e9galit\u00e9 de tous les coll\u00e9giens du territoire, pour deux raisons.&nbsp;<\/p>\n<\/div>\n<\/div>\n\n\n\n<div class=\"wp-block-columns is-layout-flex wp-container-core-columns-is-layout-9d6595d7 wp-block-columns-is-layout-flex\">\n<div class=\"wp-block-column is-layout-flow wp-block-column-is-layout-flow\" style=\"flex-basis:100%\">\n<p>D&rsquo;abord, parce que les \u00e9tablissements concern\u00e9s n&rsquo;appartiennent pas aux collectivit\u00e9s publiques. Lorsque le D\u00e9partement investit dans les coll\u00e8ges publics, il am\u00e9liore la qualit\u00e9 de son patrimoine public. Lorsqu&rsquo;il investit dans un coll\u00e8ge priv\u00e9, il finance un b\u00e2timent priv\u00e9 qu&rsquo;il n&rsquo;a pas vocation \u00e0 poss\u00e9der. Victor Hugo, lors des d\u00e9bats \u00e0 l\u2019Assembl\u00e9e nationale \u00e0 propos de la loi Falloux, avait dit&nbsp;: \u00ab&nbsp;<a href=\"http:\/\/www.gipsa-lab.grenoble-inp.fr\/~carlos.canudas-de-wit\/other_links\/discurVictor%20Hugo_Education.htm\">C\u2019est une confiscation intitul\u00e9e donation.&nbsp;\u00bb.<\/a><\/p>\n<\/div>\n<\/div>\n\n\n\n<div class=\"wp-block-columns is-layout-flex wp-container-core-columns-is-layout-9d6595d7 wp-block-columns-is-layout-flex\">\n<div class=\"wp-block-column is-layout-flow wp-block-column-is-layout-flow\" style=\"flex-basis:100%\">\n<p>Ensuite, parce que les coll\u00e9giens du territoire sont issus de classes sociales diff\u00e9rentes. Selon les rep\u00e8res et r\u00e9f\u00e9rences statistiques du Minist\u00e8re de l&rsquo;\u00c9ducation Nationale, seuls 19,8% des \u00e9l\u00e8ves des coll\u00e8ges publics ont une origine sociale tr\u00e8s favoris\u00e9e, contre 39,3% des \u00e9l\u00e8ves des coll\u00e8ges priv\u00e9s.&nbsp;\u00c0 l&rsquo;inverse, 17,4% de ces derniers ont une origine sociale d\u00e9favoris\u00e9e, contre 41% des \u00e9l\u00e8ves des coll\u00e8ges publics. Il n&rsquo;y a d&rsquo;ailleurs pas d&rsquo;\u00e9tablissements class\u00e9s dans un r\u00e9seau d&rsquo;\u00e9ducation prioritaire parmi les coll\u00e8ges priv\u00e9s. Favoriser l&rsquo;\u00e9galit\u00e9 de tous les coll\u00e9giens du territoire passe donc d&rsquo;abord par un investissement dans les coll\u00e8ges dans lesquels on trouve le plus de jeunes issus de classes sociales d\u00e9favoris\u00e9es, \u00e0 commencer par les \u00e9tablissements relevant de l&rsquo;\u00e9ducation prioritaire. &nbsp;<\/p>\n<\/div>\n<\/div>\n\n\n\n<div class=\"wp-block-columns is-layout-flex wp-container-core-columns-is-layout-9d6595d7 wp-block-columns-is-layout-flex\">\n<div class=\"wp-block-column is-layout-flow wp-block-column-is-layout-flow\" style=\"flex-basis:100%\">\n<p>L\u2019\u00e9cole publique ne fonctionne que gr\u00e2ce \u00e0 l\u2019argent public. L\u2019\u00e9cole priv\u00e9e fonctionne non seulement gr\u00e2ce \u00e0 l\u2019argent public, notamment parce que les professeurs sont r\u00e9mun\u00e9r\u00e9s par l\u2019Education nationale, mais aussi gr\u00e2ce \u00e0 l\u2019argent des parents qui font le choix d\u2019y inscrire leurs enfants, ainsi que des structures priv\u00e9es auxquelles ces \u00e9coles sont rattach\u00e9es.<\/p>\n<\/div>\n<\/div>\n","protected":false},"excerpt":{"rendered":"<p>Lors de la pr\u00e9sentation du budget primitif &nbsp;2022, la majorit\u00e9 a pr\u00e9sent\u00e9 son plan d\u2019investissement pour les coll\u00e8ges &hellip; <\/p>\n","protected":false},"author":1,"featured_media":339187,"comment_status":"closed","ping_status":"closed","sticky":false,"template":"","format":"standard","meta":{"footnotes":""},"categories":[11],"tags":[],"class_list":["post-339140","post","type-post","status-publish","format-standard","has-post-thumbnail","hentry","category-education-jeunesse-et-sports"],"yoast_head":"<!-- This site is optimized with the Yoast SEO plugin v27.5 - https:\/\/yoast.com\/product\/yoast-seo-wordpress\/ -->\n<title>Financements des coll\u00e8ges publics et priv\u00e9s\u00a0: pour une r\u00e9partition plus juste - D\u00e9partement de l&#039;Is\u00e8re<\/title>\n<meta name=\"robots\" content=\"index, follow, max-snippet:-1, max-image-preview:large, max-video-preview:-1\" \/>\n<link rel=\"canonical\" href=\"https:\/\/www.uges-isere.fr\/index.php\/2022\/01\/28\/financements-des-colleges-publics-et-prives-pour-une-repartition-plus-juste\/\" \/>\n<meta property=\"og:locale\" content=\"fr_FR\" \/>\n<meta property=\"og:type\" content=\"article\" \/>\n<meta property=\"og:title\" content=\"Financements des coll\u00e8ges publics et priv\u00e9s\u00a0: pour une r\u00e9partition plus juste - D\u00e9partement de l&#039;Is\u00e8re\" \/>\n<meta property=\"og:description\" content=\"Lors de la pr\u00e9sentation du budget primitif &nbsp;2022, la majorit\u00e9 a pr\u00e9sent\u00e9 son plan d\u2019investissement pour les coll\u00e8ges &hellip;\" \/>\n<meta property=\"og:url\" content=\"https:\/\/www.uges-isere.fr\/index.php\/2022\/01\/28\/financements-des-colleges-publics-et-prives-pour-une-repartition-plus-juste\/\" \/>\n<meta property=\"og:site_name\" content=\"D\u00e9partement de l&#039;Is\u00e8re\" \/>\n<meta property=\"article:publisher\" content=\"https:\/\/www.facebook.com\/LePrintemps38\" \/>\n<meta property=\"article:published_time\" content=\"2022-01-28T13:31:10+00:00\" \/>\n<meta property=\"article:modified_time\" content=\"2022-02-25T12:36:43+00:00\" \/>\n<meta property=\"og:image\" content=\"https:\/\/www.uges-isere.fr\/wp-content\/uploads\/2022\/01\/classroom-g17f98ea98_1920.jpg\" \/>\n\t<meta property=\"og:image:width\" content=\"1920\" \/>\n\t<meta property=\"og:image:height\" content=\"1372\" \/>\n\t<meta property=\"og:image:type\" content=\"image\/jpeg\" \/>\n<meta name=\"author\" content=\"Le printemps is\u00e9rois\" \/>\n<meta name=\"twitter:card\" content=\"summary_large_image\" \/>\n<meta name=\"twitter:creator\" content=\"@GroupeUGES38\" \/>\n<meta name=\"twitter:site\" content=\"@GroupeUGES38\" \/>\n<meta name=\"twitter:label1\" content=\"\u00c9crit par\" \/>\n\t<meta name=\"twitter:data1\" content=\"Le printemps is\u00e9rois\" \/>\n\t<meta name=\"twitter:label2\" content=\"Dur\u00e9e de lecture estim\u00e9e\" \/>\n\t<meta name=\"twitter:data2\" content=\"3 minutes\" \/>\n<script type=\"application\/ld+json\" class=\"yoast-schema-graph\">{\"@context\":\"https:\\\/\\\/schema.org\",\"@graph\":[{\"@type\":\"Article\",\"@id\":\"https:\\\/\\\/www.uges-isere.fr\\\/index.php\\\/2022\\\/01\\\/28\\\/financements-des-colleges-publics-et-prives-pour-une-repartition-plus-juste\\\/#article\",\"isPartOf\":{\"@id\":\"https:\\\/\\\/www.uges-isere.fr\\\/index.php\\\/2022\\\/01\\\/28\\\/financements-des-colleges-publics-et-prives-pour-une-repartition-plus-juste\\\/\"},\"author\":{\"name\":\"Le printemps is\u00e9rois\",\"@id\":\"https:\\\/\\\/www.uges-isere.fr\\\/#\\\/schema\\\/person\\\/d59baab2e5b354e04057a761c2524f62\"},\"headline\":\"Financements des coll\u00e8ges publics et priv\u00e9s\u00a0: pour une r\u00e9partition plus juste\",\"datePublished\":\"2022-01-28T13:31:10+00:00\",\"dateModified\":\"2022-02-25T12:36:43+00:00\",\"mainEntityOfPage\":{\"@id\":\"https:\\\/\\\/www.uges-isere.fr\\\/index.php\\\/2022\\\/01\\\/28\\\/financements-des-colleges-publics-et-prives-pour-une-repartition-plus-juste\\\/\"},\"wordCount\":598,\"publisher\":{\"@id\":\"https:\\\/\\\/www.uges-isere.fr\\\/#organization\"},\"image\":{\"@id\":\"https:\\\/\\\/www.uges-isere.fr\\\/index.php\\\/2022\\\/01\\\/28\\\/financements-des-colleges-publics-et-prives-pour-une-repartition-plus-juste\\\/#primaryimage\"},\"thumbnailUrl\":\"https:\\\/\\\/www.uges-isere.fr\\\/wp-content\\\/uploads\\\/2022\\\/01\\\/classroom-g17f98ea98_1920.jpg\",\"articleSection\":[\"Education, jeunesse et sports\"],\"inLanguage\":\"fr-FR\"},{\"@type\":\"WebPage\",\"@id\":\"https:\\\/\\\/www.uges-isere.fr\\\/index.php\\\/2022\\\/01\\\/28\\\/financements-des-colleges-publics-et-prives-pour-une-repartition-plus-juste\\\/\",\"url\":\"https:\\\/\\\/www.uges-isere.fr\\\/index.php\\\/2022\\\/01\\\/28\\\/financements-des-colleges-publics-et-prives-pour-une-repartition-plus-juste\\\/\",\"name\":\"Financements des coll\u00e8ges publics et priv\u00e9s\u00a0: pour une r\u00e9partition plus juste - D\u00e9partement de l&#039;Is\u00e8re\",\"isPartOf\":{\"@id\":\"https:\\\/\\\/www.uges-isere.fr\\\/#website\"},\"primaryImageOfPage\":{\"@id\":\"https:\\\/\\\/www.uges-isere.fr\\\/index.php\\\/2022\\\/01\\\/28\\\/financements-des-colleges-publics-et-prives-pour-une-repartition-plus-juste\\\/#primaryimage\"},\"image\":{\"@id\":\"https:\\\/\\\/www.uges-isere.fr\\\/index.php\\\/2022\\\/01\\\/28\\\/financements-des-colleges-publics-et-prives-pour-une-repartition-plus-juste\\\/#primaryimage\"},\"thumbnailUrl\":\"https:\\\/\\\/www.uges-isere.fr\\\/wp-content\\\/uploads\\\/2022\\\/01\\\/classroom-g17f98ea98_1920.jpg\",\"datePublished\":\"2022-01-28T13:31:10+00:00\",\"dateModified\":\"2022-02-25T12:36:43+00:00\",\"breadcrumb\":{\"@id\":\"https:\\\/\\\/www.uges-isere.fr\\\/index.php\\\/2022\\\/01\\\/28\\\/financements-des-colleges-publics-et-prives-pour-une-repartition-plus-juste\\\/#breadcrumb\"},\"inLanguage\":\"fr-FR\",\"potentialAction\":[{\"@type\":\"ReadAction\",\"target\":[\"https:\\\/\\\/www.uges-isere.fr\\\/index.php\\\/2022\\\/01\\\/28\\\/financements-des-colleges-publics-et-prives-pour-une-repartition-plus-juste\\\/\"]}]},{\"@type\":\"ImageObject\",\"inLanguage\":\"fr-FR\",\"@id\":\"https:\\\/\\\/www.uges-isere.fr\\\/index.php\\\/2022\\\/01\\\/28\\\/financements-des-colleges-publics-et-prives-pour-une-repartition-plus-juste\\\/#primaryimage\",\"url\":\"https:\\\/\\\/www.uges-isere.fr\\\/wp-content\\\/uploads\\\/2022\\\/01\\\/classroom-g17f98ea98_1920.jpg\",\"contentUrl\":\"https:\\\/\\\/www.uges-isere.fr\\\/wp-content\\\/uploads\\\/2022\\\/01\\\/classroom-g17f98ea98_1920.jpg\",\"width\":1920,\"height\":1372},{\"@type\":\"BreadcrumbList\",\"@id\":\"https:\\\/\\\/www.uges-isere.fr\\\/index.php\\\/2022\\\/01\\\/28\\\/financements-des-colleges-publics-et-prives-pour-une-repartition-plus-juste\\\/#breadcrumb\",\"itemListElement\":[{\"@type\":\"ListItem\",\"position\":1,\"name\":\"Accueil\",\"item\":\"https:\\\/\\\/www.uges-isere.fr\\\/\"},{\"@type\":\"ListItem\",\"position\":2,\"name\":\"Financements des coll\u00e8ges publics et priv\u00e9s\u00a0: pour une r\u00e9partition plus juste\"}]},{\"@type\":\"WebSite\",\"@id\":\"https:\\\/\\\/www.uges-isere.fr\\\/#website\",\"url\":\"https:\\\/\\\/www.uges-isere.fr\\\/\",\"name\":\"D\u00e9partement de l&#039;Is\u00e8re\",\"description\":\"Groupe d&#039;opposition UGES\",\"publisher\":{\"@id\":\"https:\\\/\\\/www.uges-isere.fr\\\/#organization\"},\"potentialAction\":[{\"@type\":\"SearchAction\",\"target\":{\"@type\":\"EntryPoint\",\"urlTemplate\":\"https:\\\/\\\/www.uges-isere.fr\\\/?s={search_term_string}\"},\"query-input\":{\"@type\":\"PropertyValueSpecification\",\"valueRequired\":true,\"valueName\":\"search_term_string\"}}],\"inLanguage\":\"fr-FR\"},{\"@type\":\"Organization\",\"@id\":\"https:\\\/\\\/www.uges-isere.fr\\\/#organization\",\"name\":\"D\u00e9partement de l'Is\u00e8re\",\"url\":\"https:\\\/\\\/www.uges-isere.fr\\\/\",\"logo\":{\"@type\":\"ImageObject\",\"inLanguage\":\"fr-FR\",\"@id\":\"https:\\\/\\\/www.uges-isere.fr\\\/#\\\/schema\\\/logo\\\/image\\\/\",\"url\":\"https:\\\/\\\/www.uges-isere.fr\\\/wp-content\\\/uploads\\\/2021\\\/10\\\/logo-ok.png\",\"contentUrl\":\"https:\\\/\\\/www.uges-isere.fr\\\/wp-content\\\/uploads\\\/2021\\\/10\\\/logo-ok.png\",\"width\":2859,\"height\":1816,\"caption\":\"D\u00e9partement de l'Is\u00e8re\"},\"image\":{\"@id\":\"https:\\\/\\\/www.uges-isere.fr\\\/#\\\/schema\\\/logo\\\/image\\\/\"},\"sameAs\":[\"https:\\\/\\\/www.facebook.com\\\/LePrintemps38\",\"https:\\\/\\\/x.com\\\/GroupeUGES38\"]},{\"@type\":\"Person\",\"@id\":\"https:\\\/\\\/www.uges-isere.fr\\\/#\\\/schema\\\/person\\\/d59baab2e5b354e04057a761c2524f62\",\"name\":\"Le printemps is\u00e9rois\",\"image\":{\"@type\":\"ImageObject\",\"inLanguage\":\"fr-FR\",\"@id\":\"https:\\\/\\\/secure.gravatar.com\\\/avatar\\\/a17699f402270fc321f5736672936558474822c28d27c0e88e8d057d3a87c4e4?s=96&d=mm&r=g\",\"url\":\"https:\\\/\\\/secure.gravatar.com\\\/avatar\\\/a17699f402270fc321f5736672936558474822c28d27c0e88e8d057d3a87c4e4?s=96&d=mm&r=g\",\"contentUrl\":\"https:\\\/\\\/secure.gravatar.com\\\/avatar\\\/a17699f402270fc321f5736672936558474822c28d27c0e88e8d057d3a87c4e4?s=96&d=mm&r=g\",\"caption\":\"Le printemps is\u00e9rois\"},\"url\":\"https:\\\/\\\/www.uges-isere.fr\\\/index.php\\\/author\\\/adminprintemps\\\/\"}]}<\/script>\n<!-- \/ Yoast SEO plugin. -->","yoast_head_json":{"title":"Financements des coll\u00e8ges publics et priv\u00e9s\u00a0: pour une r\u00e9partition plus juste - D\u00e9partement de l&#039;Is\u00e8re","robots":{"index":"index","follow":"follow","max-snippet":"max-snippet:-1","max-image-preview":"max-image-preview:large","max-video-preview":"max-video-preview:-1"},"canonical":"https:\/\/www.uges-isere.fr\/index.php\/2022\/01\/28\/financements-des-colleges-publics-et-prives-pour-une-repartition-plus-juste\/","og_locale":"fr_FR","og_type":"article","og_title":"Financements des coll\u00e8ges publics et priv\u00e9s\u00a0: pour une r\u00e9partition plus juste - D\u00e9partement de l&#039;Is\u00e8re","og_description":"Lors de la pr\u00e9sentation du budget primitif &nbsp;2022, la majorit\u00e9 a pr\u00e9sent\u00e9 son plan d\u2019investissement pour les coll\u00e8ges &hellip;","og_url":"https:\/\/www.uges-isere.fr\/index.php\/2022\/01\/28\/financements-des-colleges-publics-et-prives-pour-une-repartition-plus-juste\/","og_site_name":"D\u00e9partement de l&#039;Is\u00e8re","article_publisher":"https:\/\/www.facebook.com\/LePrintemps38","article_published_time":"2022-01-28T13:31:10+00:00","article_modified_time":"2022-02-25T12:36:43+00:00","og_image":[{"width":1920,"height":1372,"url":"https:\/\/www.uges-isere.fr\/wp-content\/uploads\/2022\/01\/classroom-g17f98ea98_1920.jpg","type":"image\/jpeg"}],"author":"Le printemps is\u00e9rois","twitter_card":"summary_large_image","twitter_creator":"@GroupeUGES38","twitter_site":"@GroupeUGES38","twitter_misc":{"\u00c9crit par":"Le printemps is\u00e9rois","Dur\u00e9e de lecture estim\u00e9e":"3 minutes"},"schema":{"@context":"https:\/\/schema.org","@graph":[{"@type":"Article","@id":"https:\/\/www.uges-isere.fr\/index.php\/2022\/01\/28\/financements-des-colleges-publics-et-prives-pour-une-repartition-plus-juste\/#article","isPartOf":{"@id":"https:\/\/www.uges-isere.fr\/index.php\/2022\/01\/28\/financements-des-colleges-publics-et-prives-pour-une-repartition-plus-juste\/"},"author":{"name":"Le printemps is\u00e9rois","@id":"https:\/\/www.uges-isere.fr\/#\/schema\/person\/d59baab2e5b354e04057a761c2524f62"},"headline":"Financements des coll\u00e8ges publics et priv\u00e9s\u00a0: pour une r\u00e9partition plus juste","datePublished":"2022-01-28T13:31:10+00:00","dateModified":"2022-02-25T12:36:43+00:00","mainEntityOfPage":{"@id":"https:\/\/www.uges-isere.fr\/index.php\/2022\/01\/28\/financements-des-colleges-publics-et-prives-pour-une-repartition-plus-juste\/"},"wordCount":598,"publisher":{"@id":"https:\/\/www.uges-isere.fr\/#organization"},"image":{"@id":"https:\/\/www.uges-isere.fr\/index.php\/2022\/01\/28\/financements-des-colleges-publics-et-prives-pour-une-repartition-plus-juste\/#primaryimage"},"thumbnailUrl":"https:\/\/www.uges-isere.fr\/wp-content\/uploads\/2022\/01\/classroom-g17f98ea98_1920.jpg","articleSection":["Education, jeunesse et sports"],"inLanguage":"fr-FR"},{"@type":"WebPage","@id":"https:\/\/www.uges-isere.fr\/index.php\/2022\/01\/28\/financements-des-colleges-publics-et-prives-pour-une-repartition-plus-juste\/","url":"https:\/\/www.uges-isere.fr\/index.php\/2022\/01\/28\/financements-des-colleges-publics-et-prives-pour-une-repartition-plus-juste\/","name":"Financements des coll\u00e8ges publics et priv\u00e9s\u00a0: pour une r\u00e9partition plus juste - D\u00e9partement de l&#039;Is\u00e8re","isPartOf":{"@id":"https:\/\/www.uges-isere.fr\/#website"},"primaryImageOfPage":{"@id":"https:\/\/www.uges-isere.fr\/index.php\/2022\/01\/28\/financements-des-colleges-publics-et-prives-pour-une-repartition-plus-juste\/#primaryimage"},"image":{"@id":"https:\/\/www.uges-isere.fr\/index.php\/2022\/01\/28\/financements-des-colleges-publics-et-prives-pour-une-repartition-plus-juste\/#primaryimage"},"thumbnailUrl":"https:\/\/www.uges-isere.fr\/wp-content\/uploads\/2022\/01\/classroom-g17f98ea98_1920.jpg","datePublished":"2022-01-28T13:31:10+00:00","dateModified":"2022-02-25T12:36:43+00:00","breadcrumb":{"@id":"https:\/\/www.uges-isere.fr\/index.php\/2022\/01\/28\/financements-des-colleges-publics-et-prives-pour-une-repartition-plus-juste\/#breadcrumb"},"inLanguage":"fr-FR","potentialAction":[{"@type":"ReadAction","target":["https:\/\/www.uges-isere.fr\/index.php\/2022\/01\/28\/financements-des-colleges-publics-et-prives-pour-une-repartition-plus-juste\/"]}]},{"@type":"ImageObject","inLanguage":"fr-FR","@id":"https:\/\/www.uges-isere.fr\/index.php\/2022\/01\/28\/financements-des-colleges-publics-et-prives-pour-une-repartition-plus-juste\/#primaryimage","url":"https:\/\/www.uges-isere.fr\/wp-content\/uploads\/2022\/01\/classroom-g17f98ea98_1920.jpg","contentUrl":"https:\/\/www.uges-isere.fr\/wp-content\/uploads\/2022\/01\/classroom-g17f98ea98_1920.jpg","width":1920,"height":1372},{"@type":"BreadcrumbList","@id":"https:\/\/www.uges-isere.fr\/index.php\/2022\/01\/28\/financements-des-colleges-publics-et-prives-pour-une-repartition-plus-juste\/#breadcrumb","itemListElement":[{"@type":"ListItem","position":1,"name":"Accueil","item":"https:\/\/www.uges-isere.fr\/"},{"@type":"ListItem","position":2,"name":"Financements des coll\u00e8ges publics et priv\u00e9s\u00a0: pour une r\u00e9partition plus juste"}]},{"@type":"WebSite","@id":"https:\/\/www.uges-isere.fr\/#website","url":"https:\/\/www.uges-isere.fr\/","name":"D\u00e9partement de l&#039;Is\u00e8re","description":"Groupe d&#039;opposition UGES","publisher":{"@id":"https:\/\/www.uges-isere.fr\/#organization"},"potentialAction":[{"@type":"SearchAction","target":{"@type":"EntryPoint","urlTemplate":"https:\/\/www.uges-isere.fr\/?s={search_term_string}"},"query-input":{"@type":"PropertyValueSpecification","valueRequired":true,"valueName":"search_term_string"}}],"inLanguage":"fr-FR"},{"@type":"Organization","@id":"https:\/\/www.uges-isere.fr\/#organization","name":"D\u00e9partement de l'Is\u00e8re","url":"https:\/\/www.uges-isere.fr\/","logo":{"@type":"ImageObject","inLanguage":"fr-FR","@id":"https:\/\/www.uges-isere.fr\/#\/schema\/logo\/image\/","url":"https:\/\/www.uges-isere.fr\/wp-content\/uploads\/2021\/10\/logo-ok.png","contentUrl":"https:\/\/www.uges-isere.fr\/wp-content\/uploads\/2021\/10\/logo-ok.png","width":2859,"height":1816,"caption":"D\u00e9partement de l'Is\u00e8re"},"image":{"@id":"https:\/\/www.uges-isere.fr\/#\/schema\/logo\/image\/"},"sameAs":["https:\/\/www.facebook.com\/LePrintemps38","https:\/\/x.com\/GroupeUGES38"]},{"@type":"Person","@id":"https:\/\/www.uges-isere.fr\/#\/schema\/person\/d59baab2e5b354e04057a761c2524f62","name":"Le printemps is\u00e9rois","image":{"@type":"ImageObject","inLanguage":"fr-FR","@id":"https:\/\/secure.gravatar.com\/avatar\/a17699f402270fc321f5736672936558474822c28d27c0e88e8d057d3a87c4e4?s=96&d=mm&r=g","url":"https:\/\/secure.gravatar.com\/avatar\/a17699f402270fc321f5736672936558474822c28d27c0e88e8d057d3a87c4e4?s=96&d=mm&r=g","contentUrl":"https:\/\/secure.gravatar.com\/avatar\/a17699f402270fc321f5736672936558474822c28d27c0e88e8d057d3a87c4e4?s=96&d=mm&r=g","caption":"Le printemps is\u00e9rois"},"url":"https:\/\/www.uges-isere.fr\/index.php\/author\/adminprintemps\/"}]}},"_links":{"self":[{"href":"https:\/\/www.uges-isere.fr\/index.php\/wp-json\/wp\/v2\/posts\/339140","targetHints":{"allow":["GET"]}}],"collection":[{"href":"https:\/\/www.uges-isere.fr\/index.php\/wp-json\/wp\/v2\/posts"}],"about":[{"href":"https:\/\/www.uges-isere.fr\/index.php\/wp-json\/wp\/v2\/types\/post"}],"author":[{"embeddable":true,"href":"https:\/\/www.uges-isere.fr\/index.php\/wp-json\/wp\/v2\/users\/1"}],"replies":[{"embeddable":true,"href":"https:\/\/www.uges-isere.fr\/index.php\/wp-json\/wp\/v2\/comments?post=339140"}],"version-history":[{"count":5,"href":"https:\/\/www.uges-isere.fr\/index.php\/wp-json\/wp\/v2\/posts\/339140\/revisions"}],"predecessor-version":[{"id":363680,"href":"https:\/\/www.uges-isere.fr\/index.php\/wp-json\/wp\/v2\/posts\/339140\/revisions\/363680"}],"wp:featuredmedia":[{"embeddable":true,"href":"https:\/\/www.uges-isere.fr\/index.php\/wp-json\/wp\/v2\/media\/339187"}],"wp:attachment":[{"href":"https:\/\/www.uges-isere.fr\/index.php\/wp-json\/wp\/v2\/media?parent=339140"}],"wp:term":[{"taxonomy":"category","embeddable":true,"href":"https:\/\/www.uges-isere.fr\/index.php\/wp-json\/wp\/v2\/categories?post=339140"},{"taxonomy":"post_tag","embeddable":true,"href":"https:\/\/www.uges-isere.fr\/index.php\/wp-json\/wp\/v2\/tags?post=339140"}],"curies":[{"name":"wp","href":"https:\/\/api.w.org\/{rel}","templated":true}]}}