{"id":250629,"date":"2021-11-03T20:05:25","date_gmt":"2021-11-03T19:05:25","guid":{"rendered":"https:\/\/www.uges-isere.fr\/?p=250629"},"modified":"2021-11-03T20:12:58","modified_gmt":"2021-11-03T19:12:58","slug":"lettre-ouverte-a-monsieur-jean-pierre-barbierpresident-du-departement-de-lisere","status":"publish","type":"post","link":"https:\/\/www.uges-isere.fr\/index.php\/2021\/11\/03\/lettre-ouverte-a-monsieur-jean-pierre-barbierpresident-du-departement-de-lisere\/","title":{"rendered":"Lettre ouverte \u00e0 Monsieur Jean-Pierre Barbier,Pr\u00e9sident du D\u00e9partement de l\u2019Is\u00e8re"},"content":{"rendered":"\n<p>Monsieur le Pr\u00e9sident,<\/p>\n\n\n\n<p>Le 5 novembre 2021 prochain, M. Zemmour, figure de l\u2019extr\u00eame droite, sera l\u2019invit\u00e9 d\u2019honneur de M. D\u00e9zempte, maire de Charvieu-Chavagneux et Conseiller d\u00e9partemental, par ailleurs membre de votre majorit\u00e9. Il a convi\u00e9 \u00e0 cet \u00e9v\u00e9nement l\u2019ensemble des maires et \u00e9lus du D\u00e9partement.<\/p>\n\n\n\n<p>Rappelons que M. Zemmour&nbsp;a \u00e9t\u00e9 condamn\u00e9 pour provocation \u00e0 la haine raciale en 2018, puis \u00e0 nouveau pour injure et provocation \u00e0 la haine en septembre 2020 lors d\u2019un \u00e9v\u00e9nement organis\u00e9 par l\u2019extr\u00eame droite.&nbsp;&nbsp; M. Zemmour est aussi un misogyne notoire, rappelons ses propos violents \u00e0 l\u2019\u00e9gard des femmes, soutenant leur soi-disant incapacit\u00e9 \u00e0 gouverner, et incitant \u00e0 la violence sexuelle.<\/p>\n\n\n\n<p>Adepte des mensonges discriminatoires,&nbsp;il affirmait encore il y a peu que le r\u00e9gime de Vichy avait \u00ab<em> prot\u00e9g\u00e9 les juifs fran\u00e7ais<\/em> \u00bb durant l\u2019occupation. &nbsp;Comment tol\u00e9rer sur nos terres is\u00e9roises, durement marqu\u00e9es par les rafles de Juifs et haut lieu de la R\u00e9sistance, la venue d\u2019un personnage qui op\u00e8re une telle falsification de l\u2019histoire ?<\/p>\n\n\n\n<p><strong>Nous, \u00c9lu.e.s du groupe&nbsp;Union de la Gauche \u00c9cologiste et Solidaire&nbsp;du D\u00e9partement de l\u2019Is\u00e8re, nous opposons fermement \u00e0 sa venue.&nbsp;<\/strong><\/p>\n\n\n\n<p>Ce n\u2019est pas la premi\u00e8re fois que M. D\u00e9zempte se confond avec l\u2019extr\u00eame-droite. En 2015, alors d\u00e9j\u00e0 maire, il a fait voter par son conseil municipal une d\u00e9lib\u00e9ration pour refuser les r\u00e9fugi\u00e9.e.s de confession musulmane, discriminant ainsi des personnes selon leur religion.<\/p>\n\n\n\n<p>En 2017, il revendiquait ces m\u00eames id\u00e9es abjectes en portant les couleurs du&nbsp;Front National&nbsp;lors des \u00e9lections l\u00e9gislatives. Pour ces faits, vous l\u2019aviez d\u2019ailleurs exclu de votre majorit\u00e9 d\u00e9partementale. Vous avez finalement fait le choix de le compter parmi vos candidats lors des derni\u00e8res \u00e9lections d\u00e9partementales, et aujourd\u2019hui parmi les membres de votre majorit\u00e9.<\/p>\n\n\n\n<p>Pourtant, il confirme aujourd\u2019hui encore son engagement aux c\u00f4t\u00e9s de l\u2019extr\u00eame droite en soutenant M. Zemmour, et en indiquant partager&nbsp;\u00ab<em> son analyse sur l\u2019immigration de masse, qui constitue le probl\u00e8me central dont d\u00e9coulent de nombreux maux<\/em> \u00bb.&nbsp;<\/p>\n\n\n\n<p><strong>Nous nous interrogeons donc sur votre silence, Monsieur Le Pr\u00e9sident, face au nouveau d\u00e9rapage de M. D\u00e9zempte. Alors m\u00eame que vous d\u00e9nonciez durant la campagne \u00e9lectorale les extr\u00eames<\/strong>,<strong> force est de constater que l\u2019extr\u00eame droite fait pourtant partie de vos rangs.<\/strong><\/p>\n\n\n\n<p><strong>Monsieur le Pr\u00e9sident, nous vous demandons de prendre acte des positions de M.D\u00e9zempte, indignes et contraires aux valeurs de notre R\u00e9publique et dangereuses pour notre d\u00e9mocratie, et de r\u00e9agir en cons\u00e9quence.<\/strong><\/p>\n","protected":false},"excerpt":{"rendered":"<p>Monsieur le Pr\u00e9sident, Le 5 novembre 2021 prochain, M. Zemmour, figure de l\u2019extr\u00eame droite, sera l\u2019invit\u00e9 d\u2019honneur de &hellip; <\/p>\n","protected":false},"author":8,"featured_media":250664,"comment_status":"closed","ping_status":"closed","sticky":false,"template":"","format":"standard","meta":{"footnotes":""},"categories":[14],"tags":[],"class_list":["post-250629","post","type-post","status-publish","format-standard","has-post-thumbnail","hentry","category-citoyennete-et-institution"],"yoast_head":"<!-- This site is optimized with the Yoast SEO plugin v27.5 - https:\/\/yoast.com\/product\/yoast-seo-wordpress\/ -->\n<title>Lettre ouverte \u00e0 Monsieur Jean-Pierre Barbier,Pr\u00e9sident du D\u00e9partement de l\u2019Is\u00e8re - D\u00e9partement de l&#039;Is\u00e8re<\/title>\n<meta name=\"robots\" content=\"index, follow, max-snippet:-1, max-image-preview:large, max-video-preview:-1\" \/>\n<link rel=\"canonical\" href=\"https:\/\/www.uges-isere.fr\/index.php\/2021\/11\/03\/lettre-ouverte-a-monsieur-jean-pierre-barbierpresident-du-departement-de-lisere\/\" \/>\n<meta property=\"og:locale\" content=\"fr_FR\" \/>\n<meta property=\"og:type\" content=\"article\" \/>\n<meta property=\"og:title\" content=\"Lettre ouverte \u00e0 Monsieur Jean-Pierre Barbier,Pr\u00e9sident du D\u00e9partement de l\u2019Is\u00e8re - D\u00e9partement de l&#039;Is\u00e8re\" \/>\n<meta property=\"og:description\" content=\"Monsieur le Pr\u00e9sident, Le 5 novembre 2021 prochain, M. Zemmour, figure de l\u2019extr\u00eame droite, sera l\u2019invit\u00e9 d\u2019honneur de &hellip;\" \/>\n<meta property=\"og:url\" content=\"https:\/\/www.uges-isere.fr\/index.php\/2021\/11\/03\/lettre-ouverte-a-monsieur-jean-pierre-barbierpresident-du-departement-de-lisere\/\" \/>\n<meta property=\"og:site_name\" content=\"D\u00e9partement de l&#039;Is\u00e8re\" \/>\n<meta property=\"article:publisher\" content=\"https:\/\/www.facebook.com\/LePrintemps38\" \/>\n<meta property=\"article:published_time\" content=\"2021-11-03T19:05:25+00:00\" \/>\n<meta property=\"article:modified_time\" content=\"2021-11-03T19:12:58+00:00\" \/>\n<meta property=\"og:image\" content=\"https:\/\/www.uges-isere.fr\/wp-content\/uploads\/2021\/11\/DA-mw6KXsAAy4ei-2-3.jpg\" \/>\n\t<meta property=\"og:image:width\" content=\"439\" \/>\n\t<meta property=\"og:image:height\" content=\"596\" \/>\n\t<meta property=\"og:image:type\" content=\"image\/jpeg\" \/>\n<meta name=\"author\" content=\"ThibaudUGES38\" \/>\n<meta name=\"twitter:card\" content=\"summary_large_image\" \/>\n<meta name=\"twitter:creator\" content=\"@GroupeUGES38\" \/>\n<meta name=\"twitter:site\" content=\"@GroupeUGES38\" \/>\n<meta name=\"twitter:label1\" content=\"\u00c9crit par\" \/>\n\t<meta name=\"twitter:data1\" content=\"ThibaudUGES38\" \/>\n\t<meta name=\"twitter:label2\" content=\"Dur\u00e9e de lecture estim\u00e9e\" \/>\n\t<meta name=\"twitter:data2\" content=\"2 minutes\" \/>\n<script type=\"application\/ld+json\" class=\"yoast-schema-graph\">{\"@context\":\"https:\\\/\\\/schema.org\",\"@graph\":[{\"@type\":\"Article\",\"@id\":\"https:\\\/\\\/www.uges-isere.fr\\\/index.php\\\/2021\\\/11\\\/03\\\/lettre-ouverte-a-monsieur-jean-pierre-barbierpresident-du-departement-de-lisere\\\/#article\",\"isPartOf\":{\"@id\":\"https:\\\/\\\/www.uges-isere.fr\\\/index.php\\\/2021\\\/11\\\/03\\\/lettre-ouverte-a-monsieur-jean-pierre-barbierpresident-du-departement-de-lisere\\\/\"},\"author\":{\"name\":\"ThibaudUGES38\",\"@id\":\"https:\\\/\\\/www.uges-isere.fr\\\/#\\\/schema\\\/person\\\/a200926d67119314e8837b6a085de83a\"},\"headline\":\"Lettre ouverte \u00e0 Monsieur Jean-Pierre Barbier,Pr\u00e9sident du D\u00e9partement de l\u2019Is\u00e8re\",\"datePublished\":\"2021-11-03T19:05:25+00:00\",\"dateModified\":\"2021-11-03T19:12:58+00:00\",\"mainEntityOfPage\":{\"@id\":\"https:\\\/\\\/www.uges-isere.fr\\\/index.php\\\/2021\\\/11\\\/03\\\/lettre-ouverte-a-monsieur-jean-pierre-barbierpresident-du-departement-de-lisere\\\/\"},\"wordCount\":472,\"publisher\":{\"@id\":\"https:\\\/\\\/www.uges-isere.fr\\\/#organization\"},\"image\":{\"@id\":\"https:\\\/\\\/www.uges-isere.fr\\\/index.php\\\/2021\\\/11\\\/03\\\/lettre-ouverte-a-monsieur-jean-pierre-barbierpresident-du-departement-de-lisere\\\/#primaryimage\"},\"thumbnailUrl\":\"https:\\\/\\\/www.uges-isere.fr\\\/wp-content\\\/uploads\\\/2021\\\/11\\\/DA-mw6KXsAAy4ei-2-3.jpg\",\"articleSection\":[\"Citoyennet\u00e9 et institutions\"],\"inLanguage\":\"fr-FR\"},{\"@type\":\"WebPage\",\"@id\":\"https:\\\/\\\/www.uges-isere.fr\\\/index.php\\\/2021\\\/11\\\/03\\\/lettre-ouverte-a-monsieur-jean-pierre-barbierpresident-du-departement-de-lisere\\\/\",\"url\":\"https:\\\/\\\/www.uges-isere.fr\\\/index.php\\\/2021\\\/11\\\/03\\\/lettre-ouverte-a-monsieur-jean-pierre-barbierpresident-du-departement-de-lisere\\\/\",\"name\":\"Lettre ouverte \u00e0 Monsieur Jean-Pierre Barbier,Pr\u00e9sident du D\u00e9partement de l\u2019Is\u00e8re - D\u00e9partement de l&#039;Is\u00e8re\",\"isPartOf\":{\"@id\":\"https:\\\/\\\/www.uges-isere.fr\\\/#website\"},\"primaryImageOfPage\":{\"@id\":\"https:\\\/\\\/www.uges-isere.fr\\\/index.php\\\/2021\\\/11\\\/03\\\/lettre-ouverte-a-monsieur-jean-pierre-barbierpresident-du-departement-de-lisere\\\/#primaryimage\"},\"image\":{\"@id\":\"https:\\\/\\\/www.uges-isere.fr\\\/index.php\\\/2021\\\/11\\\/03\\\/lettre-ouverte-a-monsieur-jean-pierre-barbierpresident-du-departement-de-lisere\\\/#primaryimage\"},\"thumbnailUrl\":\"https:\\\/\\\/www.uges-isere.fr\\\/wp-content\\\/uploads\\\/2021\\\/11\\\/DA-mw6KXsAAy4ei-2-3.jpg\",\"datePublished\":\"2021-11-03T19:05:25+00:00\",\"dateModified\":\"2021-11-03T19:12:58+00:00\",\"breadcrumb\":{\"@id\":\"https:\\\/\\\/www.uges-isere.fr\\\/index.php\\\/2021\\\/11\\\/03\\\/lettre-ouverte-a-monsieur-jean-pierre-barbierpresident-du-departement-de-lisere\\\/#breadcrumb\"},\"inLanguage\":\"fr-FR\",\"potentialAction\":[{\"@type\":\"ReadAction\",\"target\":[\"https:\\\/\\\/www.uges-isere.fr\\\/index.php\\\/2021\\\/11\\\/03\\\/lettre-ouverte-a-monsieur-jean-pierre-barbierpresident-du-departement-de-lisere\\\/\"]}]},{\"@type\":\"ImageObject\",\"inLanguage\":\"fr-FR\",\"@id\":\"https:\\\/\\\/www.uges-isere.fr\\\/index.php\\\/2021\\\/11\\\/03\\\/lettre-ouverte-a-monsieur-jean-pierre-barbierpresident-du-departement-de-lisere\\\/#primaryimage\",\"url\":\"https:\\\/\\\/www.uges-isere.fr\\\/wp-content\\\/uploads\\\/2021\\\/11\\\/DA-mw6KXsAAy4ei-2-3.jpg\",\"contentUrl\":\"https:\\\/\\\/www.uges-isere.fr\\\/wp-content\\\/uploads\\\/2021\\\/11\\\/DA-mw6KXsAAy4ei-2-3.jpg\",\"width\":439,\"height\":596},{\"@type\":\"BreadcrumbList\",\"@id\":\"https:\\\/\\\/www.uges-isere.fr\\\/index.php\\\/2021\\\/11\\\/03\\\/lettre-ouverte-a-monsieur-jean-pierre-barbierpresident-du-departement-de-lisere\\\/#breadcrumb\",\"itemListElement\":[{\"@type\":\"ListItem\",\"position\":1,\"name\":\"Accueil\",\"item\":\"https:\\\/\\\/www.uges-isere.fr\\\/\"},{\"@type\":\"ListItem\",\"position\":2,\"name\":\"Lettre ouverte \u00e0 Monsieur Jean-Pierre Barbier,Pr\u00e9sident du D\u00e9partement de l\u2019Is\u00e8re\"}]},{\"@type\":\"WebSite\",\"@id\":\"https:\\\/\\\/www.uges-isere.fr\\\/#website\",\"url\":\"https:\\\/\\\/www.uges-isere.fr\\\/\",\"name\":\"D\u00e9partement de l&#039;Is\u00e8re\",\"description\":\"Groupe d&#039;opposition UGES\",\"publisher\":{\"@id\":\"https:\\\/\\\/www.uges-isere.fr\\\/#organization\"},\"potentialAction\":[{\"@type\":\"SearchAction\",\"target\":{\"@type\":\"EntryPoint\",\"urlTemplate\":\"https:\\\/\\\/www.uges-isere.fr\\\/?s={search_term_string}\"},\"query-input\":{\"@type\":\"PropertyValueSpecification\",\"valueRequired\":true,\"valueName\":\"search_term_string\"}}],\"inLanguage\":\"fr-FR\"},{\"@type\":\"Organization\",\"@id\":\"https:\\\/\\\/www.uges-isere.fr\\\/#organization\",\"name\":\"D\u00e9partement de l'Is\u00e8re\",\"url\":\"https:\\\/\\\/www.uges-isere.fr\\\/\",\"logo\":{\"@type\":\"ImageObject\",\"inLanguage\":\"fr-FR\",\"@id\":\"https:\\\/\\\/www.uges-isere.fr\\\/#\\\/schema\\\/logo\\\/image\\\/\",\"url\":\"https:\\\/\\\/www.uges-isere.fr\\\/wp-content\\\/uploads\\\/2021\\\/10\\\/logo-ok.png\",\"contentUrl\":\"https:\\\/\\\/www.uges-isere.fr\\\/wp-content\\\/uploads\\\/2021\\\/10\\\/logo-ok.png\",\"width\":2859,\"height\":1816,\"caption\":\"D\u00e9partement de l'Is\u00e8re\"},\"image\":{\"@id\":\"https:\\\/\\\/www.uges-isere.fr\\\/#\\\/schema\\\/logo\\\/image\\\/\"},\"sameAs\":[\"https:\\\/\\\/www.facebook.com\\\/LePrintemps38\",\"https:\\\/\\\/x.com\\\/GroupeUGES38\"]},{\"@type\":\"Person\",\"@id\":\"https:\\\/\\\/www.uges-isere.fr\\\/#\\\/schema\\\/person\\\/a200926d67119314e8837b6a085de83a\",\"name\":\"ThibaudUGES38\",\"image\":{\"@type\":\"ImageObject\",\"inLanguage\":\"fr-FR\",\"@id\":\"https:\\\/\\\/secure.gravatar.com\\\/avatar\\\/e182ebfe597e409aafe3378f828607b2b757ed94a3489b20112818296e03b151?s=96&d=mm&r=g\",\"url\":\"https:\\\/\\\/secure.gravatar.com\\\/avatar\\\/e182ebfe597e409aafe3378f828607b2b757ed94a3489b20112818296e03b151?s=96&d=mm&r=g\",\"contentUrl\":\"https:\\\/\\\/secure.gravatar.com\\\/avatar\\\/e182ebfe597e409aafe3378f828607b2b757ed94a3489b20112818296e03b151?s=96&d=mm&r=g\",\"caption\":\"ThibaudUGES38\"},\"url\":\"https:\\\/\\\/www.uges-isere.fr\\\/index.php\\\/author\\\/thibauduges38\\\/\"}]}<\/script>\n<!-- \/ Yoast SEO plugin. -->","yoast_head_json":{"title":"Lettre ouverte \u00e0 Monsieur Jean-Pierre Barbier,Pr\u00e9sident du D\u00e9partement de l\u2019Is\u00e8re - D\u00e9partement de l&#039;Is\u00e8re","robots":{"index":"index","follow":"follow","max-snippet":"max-snippet:-1","max-image-preview":"max-image-preview:large","max-video-preview":"max-video-preview:-1"},"canonical":"https:\/\/www.uges-isere.fr\/index.php\/2021\/11\/03\/lettre-ouverte-a-monsieur-jean-pierre-barbierpresident-du-departement-de-lisere\/","og_locale":"fr_FR","og_type":"article","og_title":"Lettre ouverte \u00e0 Monsieur Jean-Pierre Barbier,Pr\u00e9sident du D\u00e9partement de l\u2019Is\u00e8re - D\u00e9partement de l&#039;Is\u00e8re","og_description":"Monsieur le Pr\u00e9sident, Le 5 novembre 2021 prochain, M. Zemmour, figure de l\u2019extr\u00eame droite, sera l\u2019invit\u00e9 d\u2019honneur de &hellip;","og_url":"https:\/\/www.uges-isere.fr\/index.php\/2021\/11\/03\/lettre-ouverte-a-monsieur-jean-pierre-barbierpresident-du-departement-de-lisere\/","og_site_name":"D\u00e9partement de l&#039;Is\u00e8re","article_publisher":"https:\/\/www.facebook.com\/LePrintemps38","article_published_time":"2021-11-03T19:05:25+00:00","article_modified_time":"2021-11-03T19:12:58+00:00","og_image":[{"width":439,"height":596,"url":"https:\/\/www.uges-isere.fr\/wp-content\/uploads\/2021\/11\/DA-mw6KXsAAy4ei-2-3.jpg","type":"image\/jpeg"}],"author":"ThibaudUGES38","twitter_card":"summary_large_image","twitter_creator":"@GroupeUGES38","twitter_site":"@GroupeUGES38","twitter_misc":{"\u00c9crit par":"ThibaudUGES38","Dur\u00e9e de lecture estim\u00e9e":"2 minutes"},"schema":{"@context":"https:\/\/schema.org","@graph":[{"@type":"Article","@id":"https:\/\/www.uges-isere.fr\/index.php\/2021\/11\/03\/lettre-ouverte-a-monsieur-jean-pierre-barbierpresident-du-departement-de-lisere\/#article","isPartOf":{"@id":"https:\/\/www.uges-isere.fr\/index.php\/2021\/11\/03\/lettre-ouverte-a-monsieur-jean-pierre-barbierpresident-du-departement-de-lisere\/"},"author":{"name":"ThibaudUGES38","@id":"https:\/\/www.uges-isere.fr\/#\/schema\/person\/a200926d67119314e8837b6a085de83a"},"headline":"Lettre ouverte \u00e0 Monsieur Jean-Pierre Barbier,Pr\u00e9sident du D\u00e9partement de l\u2019Is\u00e8re","datePublished":"2021-11-03T19:05:25+00:00","dateModified":"2021-11-03T19:12:58+00:00","mainEntityOfPage":{"@id":"https:\/\/www.uges-isere.fr\/index.php\/2021\/11\/03\/lettre-ouverte-a-monsieur-jean-pierre-barbierpresident-du-departement-de-lisere\/"},"wordCount":472,"publisher":{"@id":"https:\/\/www.uges-isere.fr\/#organization"},"image":{"@id":"https:\/\/www.uges-isere.fr\/index.php\/2021\/11\/03\/lettre-ouverte-a-monsieur-jean-pierre-barbierpresident-du-departement-de-lisere\/#primaryimage"},"thumbnailUrl":"https:\/\/www.uges-isere.fr\/wp-content\/uploads\/2021\/11\/DA-mw6KXsAAy4ei-2-3.jpg","articleSection":["Citoyennet\u00e9 et institutions"],"inLanguage":"fr-FR"},{"@type":"WebPage","@id":"https:\/\/www.uges-isere.fr\/index.php\/2021\/11\/03\/lettre-ouverte-a-monsieur-jean-pierre-barbierpresident-du-departement-de-lisere\/","url":"https:\/\/www.uges-isere.fr\/index.php\/2021\/11\/03\/lettre-ouverte-a-monsieur-jean-pierre-barbierpresident-du-departement-de-lisere\/","name":"Lettre ouverte \u00e0 Monsieur Jean-Pierre Barbier,Pr\u00e9sident du D\u00e9partement de l\u2019Is\u00e8re - D\u00e9partement de l&#039;Is\u00e8re","isPartOf":{"@id":"https:\/\/www.uges-isere.fr\/#website"},"primaryImageOfPage":{"@id":"https:\/\/www.uges-isere.fr\/index.php\/2021\/11\/03\/lettre-ouverte-a-monsieur-jean-pierre-barbierpresident-du-departement-de-lisere\/#primaryimage"},"image":{"@id":"https:\/\/www.uges-isere.fr\/index.php\/2021\/11\/03\/lettre-ouverte-a-monsieur-jean-pierre-barbierpresident-du-departement-de-lisere\/#primaryimage"},"thumbnailUrl":"https:\/\/www.uges-isere.fr\/wp-content\/uploads\/2021\/11\/DA-mw6KXsAAy4ei-2-3.jpg","datePublished":"2021-11-03T19:05:25+00:00","dateModified":"2021-11-03T19:12:58+00:00","breadcrumb":{"@id":"https:\/\/www.uges-isere.fr\/index.php\/2021\/11\/03\/lettre-ouverte-a-monsieur-jean-pierre-barbierpresident-du-departement-de-lisere\/#breadcrumb"},"inLanguage":"fr-FR","potentialAction":[{"@type":"ReadAction","target":["https:\/\/www.uges-isere.fr\/index.php\/2021\/11\/03\/lettre-ouverte-a-monsieur-jean-pierre-barbierpresident-du-departement-de-lisere\/"]}]},{"@type":"ImageObject","inLanguage":"fr-FR","@id":"https:\/\/www.uges-isere.fr\/index.php\/2021\/11\/03\/lettre-ouverte-a-monsieur-jean-pierre-barbierpresident-du-departement-de-lisere\/#primaryimage","url":"https:\/\/www.uges-isere.fr\/wp-content\/uploads\/2021\/11\/DA-mw6KXsAAy4ei-2-3.jpg","contentUrl":"https:\/\/www.uges-isere.fr\/wp-content\/uploads\/2021\/11\/DA-mw6KXsAAy4ei-2-3.jpg","width":439,"height":596},{"@type":"BreadcrumbList","@id":"https:\/\/www.uges-isere.fr\/index.php\/2021\/11\/03\/lettre-ouverte-a-monsieur-jean-pierre-barbierpresident-du-departement-de-lisere\/#breadcrumb","itemListElement":[{"@type":"ListItem","position":1,"name":"Accueil","item":"https:\/\/www.uges-isere.fr\/"},{"@type":"ListItem","position":2,"name":"Lettre ouverte \u00e0 Monsieur Jean-Pierre Barbier,Pr\u00e9sident du D\u00e9partement de l\u2019Is\u00e8re"}]},{"@type":"WebSite","@id":"https:\/\/www.uges-isere.fr\/#website","url":"https:\/\/www.uges-isere.fr\/","name":"D\u00e9partement de l&#039;Is\u00e8re","description":"Groupe d&#039;opposition UGES","publisher":{"@id":"https:\/\/www.uges-isere.fr\/#organization"},"potentialAction":[{"@type":"SearchAction","target":{"@type":"EntryPoint","urlTemplate":"https:\/\/www.uges-isere.fr\/?s={search_term_string}"},"query-input":{"@type":"PropertyValueSpecification","valueRequired":true,"valueName":"search_term_string"}}],"inLanguage":"fr-FR"},{"@type":"Organization","@id":"https:\/\/www.uges-isere.fr\/#organization","name":"D\u00e9partement de l'Is\u00e8re","url":"https:\/\/www.uges-isere.fr\/","logo":{"@type":"ImageObject","inLanguage":"fr-FR","@id":"https:\/\/www.uges-isere.fr\/#\/schema\/logo\/image\/","url":"https:\/\/www.uges-isere.fr\/wp-content\/uploads\/2021\/10\/logo-ok.png","contentUrl":"https:\/\/www.uges-isere.fr\/wp-content\/uploads\/2021\/10\/logo-ok.png","width":2859,"height":1816,"caption":"D\u00e9partement de l'Is\u00e8re"},"image":{"@id":"https:\/\/www.uges-isere.fr\/#\/schema\/logo\/image\/"},"sameAs":["https:\/\/www.facebook.com\/LePrintemps38","https:\/\/x.com\/GroupeUGES38"]},{"@type":"Person","@id":"https:\/\/www.uges-isere.fr\/#\/schema\/person\/a200926d67119314e8837b6a085de83a","name":"ThibaudUGES38","image":{"@type":"ImageObject","inLanguage":"fr-FR","@id":"https:\/\/secure.gravatar.com\/avatar\/e182ebfe597e409aafe3378f828607b2b757ed94a3489b20112818296e03b151?s=96&d=mm&r=g","url":"https:\/\/secure.gravatar.com\/avatar\/e182ebfe597e409aafe3378f828607b2b757ed94a3489b20112818296e03b151?s=96&d=mm&r=g","contentUrl":"https:\/\/secure.gravatar.com\/avatar\/e182ebfe597e409aafe3378f828607b2b757ed94a3489b20112818296e03b151?s=96&d=mm&r=g","caption":"ThibaudUGES38"},"url":"https:\/\/www.uges-isere.fr\/index.php\/author\/thibauduges38\/"}]}},"_links":{"self":[{"href":"https:\/\/www.uges-isere.fr\/index.php\/wp-json\/wp\/v2\/posts\/250629","targetHints":{"allow":["GET"]}}],"collection":[{"href":"https:\/\/www.uges-isere.fr\/index.php\/wp-json\/wp\/v2\/posts"}],"about":[{"href":"https:\/\/www.uges-isere.fr\/index.php\/wp-json\/wp\/v2\/types\/post"}],"author":[{"embeddable":true,"href":"https:\/\/www.uges-isere.fr\/index.php\/wp-json\/wp\/v2\/users\/8"}],"replies":[{"embeddable":true,"href":"https:\/\/www.uges-isere.fr\/index.php\/wp-json\/wp\/v2\/comments?post=250629"}],"version-history":[{"count":1,"href":"https:\/\/www.uges-isere.fr\/index.php\/wp-json\/wp\/v2\/posts\/250629\/revisions"}],"predecessor-version":[{"id":250639,"href":"https:\/\/www.uges-isere.fr\/index.php\/wp-json\/wp\/v2\/posts\/250629\/revisions\/250639"}],"wp:featuredmedia":[{"embeddable":true,"href":"https:\/\/www.uges-isere.fr\/index.php\/wp-json\/wp\/v2\/media\/250664"}],"wp:attachment":[{"href":"https:\/\/www.uges-isere.fr\/index.php\/wp-json\/wp\/v2\/media?parent=250629"}],"wp:term":[{"taxonomy":"category","embeddable":true,"href":"https:\/\/www.uges-isere.fr\/index.php\/wp-json\/wp\/v2\/categories?post=250629"},{"taxonomy":"post_tag","embeddable":true,"href":"https:\/\/www.uges-isere.fr\/index.php\/wp-json\/wp\/v2\/tags?post=250629"}],"curies":[{"name":"wp","href":"https:\/\/api.w.org\/{rel}","templated":true}]}}