{"id":244948,"date":"2021-10-29T14:41:48","date_gmt":"2021-10-29T12:41:48","guid":{"rendered":"https:\/\/www.uges-isere.fr\/?p=244948"},"modified":"2021-10-29T14:51:11","modified_gmt":"2021-10-29T12:51:11","slug":"un-plan-montagne-a-courte-vue","status":"publish","type":"post","link":"https:\/\/www.uges-isere.fr\/index.php\/2021\/10\/29\/un-plan-montagne-a-courte-vue\/","title":{"rendered":"Un plan montagne \u00e0 courte vue"},"content":{"rendered":"\n<p>Pour r\u00e9pondre aux d\u00e9g\u00e2ts \u00e9conomiques caus\u00e9s par l\u2019\u00e9pid\u00e9mie de COVID dans les territoires de montagne, le D\u00e9partement de l\u2019Is\u00e8re a d\u00e9cid\u00e9 de lancer <a href=\"https:\/\/www.isere.fr\/Deliberations\/Delibs\/2021\/Annexe-3190.pdf\">un plan d\u2019urgence de 10 millions d\u2019euros<\/a>, en compl\u00e9ment des plans de la R\u00e9gion et de l\u2019Etat. Nous sommes intervenus en s\u00e9ance pour d\u00e9noncer ce plan qui rate sa cible\u00a0: en ne focalisant que sur les stations et oubliant l\u2019articulation avec les vall\u00e9es, le D\u00e9partement rate une occasion d\u2019engager concr\u00e8tement la transition \u00e9cologique des montagnes is\u00e9roises.<br><br>L\u2019hiver dernier, en raison de la fermeture, non pas des stations, mais des remont\u00e9es m\u00e9caniques, c\u2019est un grand pan de l\u2019\u00e9conomie qui a subi de graves cons\u00e9quences financi\u00e8res. L\u2019\u00e9conomie touristique de l\u2019Is\u00e8re, essentiellement fond\u00e9e sur les sports d\u2019hiver et la montagne, repr\u00e9sente annuellement environ 2 milliards d\u2019euros de chiffre d\u2019affaires (les 2\/3 li\u00e9s au tourisme) et plus de 20 000 emplois.<\/p>\n\n\n\n<p>A plus long terme, <strong>cette crise du Covid nous a invit\u00e9 collectivement \u00e0 repenser le mod\u00e8le de nos stations et \u00e0 anticiper de mani\u00e8re plus volontaire l\u2019impact irr\u00e9versible du changement climatique en se diversifiant pour ne plus d\u00e9pendre essentiellement de la neige et du ski alpin<\/strong>. Les pr\u00e9visions du GIEC ne laissent entrevoir aucune tr\u00eave sur l\u2019\u00e9volution du climat, \u00e0 moyen terme (dans 20\/30 ans) une partie des stations de l\u2019Is\u00e8re devra faire avec moins ou sans neige.<\/p>\n\n\n\n<p><strong>Le Plan montagne 2021-2023 n\u2019est pas un plan de transition<\/strong>, il vient en compl\u00e9ment des annonces et mesures mises en place par la R\u00e9gion (500M\u20ac) et par l\u2019Etat (5Md\u20ac).<\/p>\n\n\n\n<p>Si certains dispositifs, dont certains d\u00e9j\u00e0 existants ont effectivement un int\u00e9r\u00eat, <strong>on constate dans son contenu qu\u2019il n\u2019y a pas de prise en compte des changements en cours<\/strong>. <strong>C\u2019est un Plan \u00e0 court terme, dont les perspectives sont floues et les objectifs frileux.<\/strong><\/p>\n\n\n\n<p>Ce Plan montagne <strong>reprend en grande partie les dispositifs et les grands axes des anciens Contrat de Performance des Alpes Is\u00e8re (CPAI)<\/strong> sous un nom diff\u00e9rent pour l\u2019accoler \u00e0 la marque territoriale \u00ab&nbsp;ISHERE&nbsp;\u00bb dont il n\u2019a toujours pas \u00e9t\u00e9 fait de bilan 4 ans apr\u00e8s son lancement&nbsp;: &nbsp;<\/p>\n\n\n\n<ul class=\"wp-block-list\"><li>Soutien aux \u00e9tudes strat\u00e9giques et op\u00e9rationnelles (d\u00e9j\u00e0 pr\u00e9sent dans les CPAI)<\/li><li>S\u00e9curisation de l\u2019enneigement (dont on peut parfois interroger la pertinence, notamment dans le Vercors)<\/li><li>Requalification des \u00e9quipements et activit\u00e9s<\/li><li>Soutien au d\u00e9veloppement de la comp\u00e9titivit\u00e9 des stations (sommes-nous encore au temps de la \u00ab&nbsp;performance&nbsp;\u00bb et \u00e0 la mise en comp\u00e9tition de nos stations au regard du contexte national, r\u00e9gional et international&nbsp;?)<\/li><li>Soutien \u00e0 la r\u00e9novation des refuges (qui remplace la d\u00e9lib\u00e9ration du 25 octobre 2019&nbsp;?)<\/li><li>Incitation \u00e0 l\u2019utilisation de modes de d\u00e9placement doux qui renforce l\u2019ancien axe sur l\u2019acc\u00e8s et la desserte des stations.<\/li><\/ul>\n\n\n\n<p>Au-del\u00e0 de l\u2019annonce de l\u2019augmentation sensible de l\u2019enveloppe allou\u00e9e, <strong>les dispositifs n\u2019\u00e9voluent et ne s\u2019\u00e9largissent qu\u2019\u00e0 la marge<\/strong>. Si certaines actions peuvent aller dans le sens de la diversification des activit\u00e9s ou de l\u2019accompagnement vers la transition des stations, <strong>le manque d\u2019ambition g\u00e9n\u00e9rale de ce Plan \u00e0 tr\u00e8s court terme est regrettable.<\/strong><\/p>\n\n\n\n<p>Il y a quelques semaines, les acteurs de la Montagne (directeur de stations, promoteurs, professionnels, \u00e9lus, associations environnementales) se sont r\u00e9unis <strong>\u00e0 l\u2019occasion des Etats g\u00e9n\u00e9raux de la transition du tourisme en montagne.<\/strong> Manifestation nouvelle sous sa forme (r\u00e9unissant des acteurs qui n\u2019\u00e9changeaient que trop peu ensemble jusqu\u2019\u00e0 maintenant), ce rassemblement a permis <strong>d\u2019\u00e9tablir une feuille de route ambitieuse pour une transition r\u00e9ussie du tourisme en montagne <\/strong>port\u00e9e par l\u2019ensemble des participants.<\/p>\n\n\n\n<p>Quel que soit le bord politique, il y a un relatif consensus sur le devenir de la montagne de demain&nbsp;: des activit\u00e9s plus diversifi\u00e9es, et des investissements massifs pour une transition \u00e9cologique rapide qui permette aux territoires de montagne dans leur ensemble, et pas seulement aux stations, de faire face au changement climatique et \u00e0 ses cons\u00e9quences.<\/p>\n\n\n\n<p>Le groupe UGES a \u00e9t\u00e9 particuli\u00e8rement sensible aux priorit\u00e9s qui ont \u00e9t\u00e9 \u00e9mises par ces \u00e9tats g\u00e9n\u00e9raux&nbsp;:<\/p>\n\n\n\n<ul class=\"wp-block-list\"><li>sur l\u2019approche territoriale de d\u00e9veloppement et sa compl\u00e9mentarit\u00e9 avec tous les secteurs d\u2019activit\u00e9s,<\/li><li>sur la volont\u00e9 de d\u00e9finir des indicateurs de la transition<\/li><li>ou encore sur le fait de penser l\u2019activit\u00e9 touristique dans le contexte du changement climatique et d\u2019une gestion durable des ressources.<\/li><\/ul>\n\n\n\n<p><strong>Ces axes font sensiblement \u00e9cho au programme du Printemps Is\u00e9rois<\/strong><\/p>\n\n\n\n<p>Si nous voulons collectivement repenser et accompagner la montagne is\u00e9roise<strong>, mais aussi ses vall\u00e9es<\/strong> (absentes de ce plan, souvent autrefois industrialis\u00e9es et qui contribuent encore \u00e0 l\u2019emploi local et surtout \u00e0 l\u2019\u00e9quilibre territorial), y associer l\u2019ensemble des acteurs socioprofessionnels et les habitants, nous devons passer \u00e0 la vitesse sup\u00e9rieure&nbsp;:<\/p>\n\n\n\n<ul class=\"wp-block-list\"><li>en mettant en place des pactes territoriaux,<\/li><li>en aidant fortement les agriculteurs et les \u00e9leveurs&nbsp;; ce sujet n\u2019est pas int\u00e9gr\u00e9 dans ce plan alors qu\u2019ils contribuent \u00e0 l\u2019entretien des terres et des alpages pr\u00e9servant \u00e9videmment des emplois non d\u00e9localisables, les paysages et limitant les risques naturels,<\/li><li>en prenant en compte les nouvelles aspirations de nos concitoyens (fraicheur, sant\u00e9 et bien-\u00eatre), les nouvelles pratiques (rien sur le cyclotourisme),<\/li><li>en mettant en place des indicateurs de suivi de nos actions avec la mise en place d\u2019indicateurs (nous avions propos\u00e9 la cr\u00e9ation d\u2019un observatoire du climat et des impacts du changement climatiques de l\u2019\u00e9volution de la ressource en eau)<\/li><li>et en agissant de mani\u00e8re tr\u00e8s volontariste sur l\u2019empreinte \u00e9cologique du tourisme de montagne. Vous le savez, le bilan carbone d\u2019un vacancier correspond majoritairement au bilan transport. Le D\u00e9partement ne peut \u00eatre seul sur cette probl\u00e9matique, c\u2019est une comp\u00e9tence avant tout de la R\u00e9gion. Mais il nous parait urgent de r\u00e9fl\u00e9chir aux nouveaux modes de d\u00e9placements dans nos vall\u00e9es et montagne et cela ne peut se r\u00e9sumer simplement \u00e0 de la signal\u00e9tique ou \u00e0 la modification du sens de circulation.<\/li><\/ul>\n\n\n\n<p>Ce plan vise \u00e0 r\u00e9pondre \u00e0 l\u2019urgence, au lendemain d\u2019une saison hivernale traumatisante pour les montagnes is\u00e9roises. Cependant, il n\u2019engage pas \u00e0 long terme la transition du tourisme comme attendu.<\/p>\n\n\n\n<p>Ne voulant pas \u00eatre ceux qui,&nbsp;demain, seront accus\u00e9s de ne pas avoir fait assez connaissant l\u2019urgence, le groupe UGES s\u2019est abstenu sur le vote.<\/p>\n","protected":false},"excerpt":{"rendered":"<p>Pour r\u00e9pondre aux d\u00e9g\u00e2ts \u00e9conomiques caus\u00e9s par l\u2019\u00e9pid\u00e9mie de COVID dans les territoires de montagne, le D\u00e9partement de &hellip; <\/p>\n","protected":false},"author":8,"featured_media":244955,"comment_status":"closed","ping_status":"closed","sticky":false,"template":"","format":"standard","meta":{"footnotes":""},"categories":[10],"tags":[],"class_list":["post-244948","post","type-post","status-publish","format-standard","has-post-thumbnail","hentry","category-agriculture-tourisme-montagne"],"yoast_head":"<!-- This site is optimized with the Yoast SEO plugin v27.5 - https:\/\/yoast.com\/product\/yoast-seo-wordpress\/ -->\n<title>Un plan montagne \u00e0 courte vue - D\u00e9partement de l&#039;Is\u00e8re<\/title>\n<meta name=\"robots\" content=\"index, follow, max-snippet:-1, max-image-preview:large, max-video-preview:-1\" \/>\n<link rel=\"canonical\" href=\"https:\/\/www.uges-isere.fr\/index.php\/2021\/10\/29\/un-plan-montagne-a-courte-vue\/\" \/>\n<meta property=\"og:locale\" content=\"fr_FR\" \/>\n<meta property=\"og:type\" content=\"article\" \/>\n<meta property=\"og:title\" content=\"Un plan montagne \u00e0 courte vue - D\u00e9partement de l&#039;Is\u00e8re\" \/>\n<meta property=\"og:description\" content=\"Pour r\u00e9pondre aux d\u00e9g\u00e2ts \u00e9conomiques caus\u00e9s par l\u2019\u00e9pid\u00e9mie de COVID dans les territoires de montagne, le D\u00e9partement de &hellip;\" \/>\n<meta property=\"og:url\" content=\"https:\/\/www.uges-isere.fr\/index.php\/2021\/10\/29\/un-plan-montagne-a-courte-vue\/\" \/>\n<meta property=\"og:site_name\" content=\"D\u00e9partement de l&#039;Is\u00e8re\" \/>\n<meta property=\"article:publisher\" content=\"https:\/\/www.facebook.com\/LePrintemps38\" \/>\n<meta property=\"article:published_time\" content=\"2021-10-29T12:41:48+00:00\" \/>\n<meta property=\"article:modified_time\" content=\"2021-10-29T12:51:11+00:00\" \/>\n<meta property=\"og:image\" content=\"https:\/\/www.uges-isere.fr\/wp-content\/uploads\/2021\/10\/shutterstock_456467581.jpg\" \/>\n\t<meta property=\"og:image:width\" content=\"800\" \/>\n\t<meta property=\"og:image:height\" content=\"450\" \/>\n\t<meta property=\"og:image:type\" content=\"image\/jpeg\" \/>\n<meta name=\"author\" content=\"ThibaudUGES38\" \/>\n<meta name=\"twitter:card\" content=\"summary_large_image\" \/>\n<meta name=\"twitter:creator\" content=\"@GroupeUGES38\" \/>\n<meta name=\"twitter:site\" content=\"@GroupeUGES38\" \/>\n<meta name=\"twitter:label1\" content=\"\u00c9crit par\" \/>\n\t<meta name=\"twitter:data1\" content=\"ThibaudUGES38\" \/>\n\t<meta name=\"twitter:label2\" content=\"Dur\u00e9e de lecture estim\u00e9e\" \/>\n\t<meta name=\"twitter:data2\" content=\"6 minutes\" \/>\n<script type=\"application\/ld+json\" class=\"yoast-schema-graph\">{\"@context\":\"https:\\\/\\\/schema.org\",\"@graph\":[{\"@type\":\"Article\",\"@id\":\"https:\\\/\\\/www.uges-isere.fr\\\/index.php\\\/2021\\\/10\\\/29\\\/un-plan-montagne-a-courte-vue\\\/#article\",\"isPartOf\":{\"@id\":\"https:\\\/\\\/www.uges-isere.fr\\\/index.php\\\/2021\\\/10\\\/29\\\/un-plan-montagne-a-courte-vue\\\/\"},\"author\":{\"name\":\"ThibaudUGES38\",\"@id\":\"https:\\\/\\\/www.uges-isere.fr\\\/#\\\/schema\\\/person\\\/a200926d67119314e8837b6a085de83a\"},\"headline\":\"Un plan montagne \u00e0 courte vue\",\"datePublished\":\"2021-10-29T12:41:48+00:00\",\"dateModified\":\"2021-10-29T12:51:11+00:00\",\"mainEntityOfPage\":{\"@id\":\"https:\\\/\\\/www.uges-isere.fr\\\/index.php\\\/2021\\\/10\\\/29\\\/un-plan-montagne-a-courte-vue\\\/\"},\"wordCount\":1125,\"publisher\":{\"@id\":\"https:\\\/\\\/www.uges-isere.fr\\\/#organization\"},\"image\":{\"@id\":\"https:\\\/\\\/www.uges-isere.fr\\\/index.php\\\/2021\\\/10\\\/29\\\/un-plan-montagne-a-courte-vue\\\/#primaryimage\"},\"thumbnailUrl\":\"https:\\\/\\\/www.uges-isere.fr\\\/wp-content\\\/uploads\\\/2021\\\/10\\\/shutterstock_456467581.jpg\",\"articleSection\":[\"Agriculture, tourisme, montagne\"],\"inLanguage\":\"fr-FR\"},{\"@type\":\"WebPage\",\"@id\":\"https:\\\/\\\/www.uges-isere.fr\\\/index.php\\\/2021\\\/10\\\/29\\\/un-plan-montagne-a-courte-vue\\\/\",\"url\":\"https:\\\/\\\/www.uges-isere.fr\\\/index.php\\\/2021\\\/10\\\/29\\\/un-plan-montagne-a-courte-vue\\\/\",\"name\":\"Un plan montagne \u00e0 courte vue - D\u00e9partement de l&#039;Is\u00e8re\",\"isPartOf\":{\"@id\":\"https:\\\/\\\/www.uges-isere.fr\\\/#website\"},\"primaryImageOfPage\":{\"@id\":\"https:\\\/\\\/www.uges-isere.fr\\\/index.php\\\/2021\\\/10\\\/29\\\/un-plan-montagne-a-courte-vue\\\/#primaryimage\"},\"image\":{\"@id\":\"https:\\\/\\\/www.uges-isere.fr\\\/index.php\\\/2021\\\/10\\\/29\\\/un-plan-montagne-a-courte-vue\\\/#primaryimage\"},\"thumbnailUrl\":\"https:\\\/\\\/www.uges-isere.fr\\\/wp-content\\\/uploads\\\/2021\\\/10\\\/shutterstock_456467581.jpg\",\"datePublished\":\"2021-10-29T12:41:48+00:00\",\"dateModified\":\"2021-10-29T12:51:11+00:00\",\"breadcrumb\":{\"@id\":\"https:\\\/\\\/www.uges-isere.fr\\\/index.php\\\/2021\\\/10\\\/29\\\/un-plan-montagne-a-courte-vue\\\/#breadcrumb\"},\"inLanguage\":\"fr-FR\",\"potentialAction\":[{\"@type\":\"ReadAction\",\"target\":[\"https:\\\/\\\/www.uges-isere.fr\\\/index.php\\\/2021\\\/10\\\/29\\\/un-plan-montagne-a-courte-vue\\\/\"]}]},{\"@type\":\"ImageObject\",\"inLanguage\":\"fr-FR\",\"@id\":\"https:\\\/\\\/www.uges-isere.fr\\\/index.php\\\/2021\\\/10\\\/29\\\/un-plan-montagne-a-courte-vue\\\/#primaryimage\",\"url\":\"https:\\\/\\\/www.uges-isere.fr\\\/wp-content\\\/uploads\\\/2021\\\/10\\\/shutterstock_456467581.jpg\",\"contentUrl\":\"https:\\\/\\\/www.uges-isere.fr\\\/wp-content\\\/uploads\\\/2021\\\/10\\\/shutterstock_456467581.jpg\",\"width\":800,\"height\":450},{\"@type\":\"BreadcrumbList\",\"@id\":\"https:\\\/\\\/www.uges-isere.fr\\\/index.php\\\/2021\\\/10\\\/29\\\/un-plan-montagne-a-courte-vue\\\/#breadcrumb\",\"itemListElement\":[{\"@type\":\"ListItem\",\"position\":1,\"name\":\"Accueil\",\"item\":\"https:\\\/\\\/www.uges-isere.fr\\\/\"},{\"@type\":\"ListItem\",\"position\":2,\"name\":\"Un plan montagne \u00e0 courte vue\"}]},{\"@type\":\"WebSite\",\"@id\":\"https:\\\/\\\/www.uges-isere.fr\\\/#website\",\"url\":\"https:\\\/\\\/www.uges-isere.fr\\\/\",\"name\":\"D\u00e9partement de l&#039;Is\u00e8re\",\"description\":\"Groupe d&#039;opposition UGES\",\"publisher\":{\"@id\":\"https:\\\/\\\/www.uges-isere.fr\\\/#organization\"},\"potentialAction\":[{\"@type\":\"SearchAction\",\"target\":{\"@type\":\"EntryPoint\",\"urlTemplate\":\"https:\\\/\\\/www.uges-isere.fr\\\/?s={search_term_string}\"},\"query-input\":{\"@type\":\"PropertyValueSpecification\",\"valueRequired\":true,\"valueName\":\"search_term_string\"}}],\"inLanguage\":\"fr-FR\"},{\"@type\":\"Organization\",\"@id\":\"https:\\\/\\\/www.uges-isere.fr\\\/#organization\",\"name\":\"D\u00e9partement de l'Is\u00e8re\",\"url\":\"https:\\\/\\\/www.uges-isere.fr\\\/\",\"logo\":{\"@type\":\"ImageObject\",\"inLanguage\":\"fr-FR\",\"@id\":\"https:\\\/\\\/www.uges-isere.fr\\\/#\\\/schema\\\/logo\\\/image\\\/\",\"url\":\"https:\\\/\\\/www.uges-isere.fr\\\/wp-content\\\/uploads\\\/2021\\\/10\\\/logo-ok.png\",\"contentUrl\":\"https:\\\/\\\/www.uges-isere.fr\\\/wp-content\\\/uploads\\\/2021\\\/10\\\/logo-ok.png\",\"width\":2859,\"height\":1816,\"caption\":\"D\u00e9partement de l'Is\u00e8re\"},\"image\":{\"@id\":\"https:\\\/\\\/www.uges-isere.fr\\\/#\\\/schema\\\/logo\\\/image\\\/\"},\"sameAs\":[\"https:\\\/\\\/www.facebook.com\\\/LePrintemps38\",\"https:\\\/\\\/x.com\\\/GroupeUGES38\"]},{\"@type\":\"Person\",\"@id\":\"https:\\\/\\\/www.uges-isere.fr\\\/#\\\/schema\\\/person\\\/a200926d67119314e8837b6a085de83a\",\"name\":\"ThibaudUGES38\",\"image\":{\"@type\":\"ImageObject\",\"inLanguage\":\"fr-FR\",\"@id\":\"https:\\\/\\\/secure.gravatar.com\\\/avatar\\\/e182ebfe597e409aafe3378f828607b2b757ed94a3489b20112818296e03b151?s=96&d=mm&r=g\",\"url\":\"https:\\\/\\\/secure.gravatar.com\\\/avatar\\\/e182ebfe597e409aafe3378f828607b2b757ed94a3489b20112818296e03b151?s=96&d=mm&r=g\",\"contentUrl\":\"https:\\\/\\\/secure.gravatar.com\\\/avatar\\\/e182ebfe597e409aafe3378f828607b2b757ed94a3489b20112818296e03b151?s=96&d=mm&r=g\",\"caption\":\"ThibaudUGES38\"},\"url\":\"https:\\\/\\\/www.uges-isere.fr\\\/index.php\\\/author\\\/thibauduges38\\\/\"}]}<\/script>\n<!-- \/ Yoast SEO plugin. -->","yoast_head_json":{"title":"Un plan montagne \u00e0 courte vue - D\u00e9partement de l&#039;Is\u00e8re","robots":{"index":"index","follow":"follow","max-snippet":"max-snippet:-1","max-image-preview":"max-image-preview:large","max-video-preview":"max-video-preview:-1"},"canonical":"https:\/\/www.uges-isere.fr\/index.php\/2021\/10\/29\/un-plan-montagne-a-courte-vue\/","og_locale":"fr_FR","og_type":"article","og_title":"Un plan montagne \u00e0 courte vue - D\u00e9partement de l&#039;Is\u00e8re","og_description":"Pour r\u00e9pondre aux d\u00e9g\u00e2ts \u00e9conomiques caus\u00e9s par l\u2019\u00e9pid\u00e9mie de COVID dans les territoires de montagne, le D\u00e9partement de &hellip;","og_url":"https:\/\/www.uges-isere.fr\/index.php\/2021\/10\/29\/un-plan-montagne-a-courte-vue\/","og_site_name":"D\u00e9partement de l&#039;Is\u00e8re","article_publisher":"https:\/\/www.facebook.com\/LePrintemps38","article_published_time":"2021-10-29T12:41:48+00:00","article_modified_time":"2021-10-29T12:51:11+00:00","og_image":[{"width":800,"height":450,"url":"https:\/\/www.uges-isere.fr\/wp-content\/uploads\/2021\/10\/shutterstock_456467581.jpg","type":"image\/jpeg"}],"author":"ThibaudUGES38","twitter_card":"summary_large_image","twitter_creator":"@GroupeUGES38","twitter_site":"@GroupeUGES38","twitter_misc":{"\u00c9crit par":"ThibaudUGES38","Dur\u00e9e de lecture estim\u00e9e":"6 minutes"},"schema":{"@context":"https:\/\/schema.org","@graph":[{"@type":"Article","@id":"https:\/\/www.uges-isere.fr\/index.php\/2021\/10\/29\/un-plan-montagne-a-courte-vue\/#article","isPartOf":{"@id":"https:\/\/www.uges-isere.fr\/index.php\/2021\/10\/29\/un-plan-montagne-a-courte-vue\/"},"author":{"name":"ThibaudUGES38","@id":"https:\/\/www.uges-isere.fr\/#\/schema\/person\/a200926d67119314e8837b6a085de83a"},"headline":"Un plan montagne \u00e0 courte vue","datePublished":"2021-10-29T12:41:48+00:00","dateModified":"2021-10-29T12:51:11+00:00","mainEntityOfPage":{"@id":"https:\/\/www.uges-isere.fr\/index.php\/2021\/10\/29\/un-plan-montagne-a-courte-vue\/"},"wordCount":1125,"publisher":{"@id":"https:\/\/www.uges-isere.fr\/#organization"},"image":{"@id":"https:\/\/www.uges-isere.fr\/index.php\/2021\/10\/29\/un-plan-montagne-a-courte-vue\/#primaryimage"},"thumbnailUrl":"https:\/\/www.uges-isere.fr\/wp-content\/uploads\/2021\/10\/shutterstock_456467581.jpg","articleSection":["Agriculture, tourisme, montagne"],"inLanguage":"fr-FR"},{"@type":"WebPage","@id":"https:\/\/www.uges-isere.fr\/index.php\/2021\/10\/29\/un-plan-montagne-a-courte-vue\/","url":"https:\/\/www.uges-isere.fr\/index.php\/2021\/10\/29\/un-plan-montagne-a-courte-vue\/","name":"Un plan montagne \u00e0 courte vue - D\u00e9partement de l&#039;Is\u00e8re","isPartOf":{"@id":"https:\/\/www.uges-isere.fr\/#website"},"primaryImageOfPage":{"@id":"https:\/\/www.uges-isere.fr\/index.php\/2021\/10\/29\/un-plan-montagne-a-courte-vue\/#primaryimage"},"image":{"@id":"https:\/\/www.uges-isere.fr\/index.php\/2021\/10\/29\/un-plan-montagne-a-courte-vue\/#primaryimage"},"thumbnailUrl":"https:\/\/www.uges-isere.fr\/wp-content\/uploads\/2021\/10\/shutterstock_456467581.jpg","datePublished":"2021-10-29T12:41:48+00:00","dateModified":"2021-10-29T12:51:11+00:00","breadcrumb":{"@id":"https:\/\/www.uges-isere.fr\/index.php\/2021\/10\/29\/un-plan-montagne-a-courte-vue\/#breadcrumb"},"inLanguage":"fr-FR","potentialAction":[{"@type":"ReadAction","target":["https:\/\/www.uges-isere.fr\/index.php\/2021\/10\/29\/un-plan-montagne-a-courte-vue\/"]}]},{"@type":"ImageObject","inLanguage":"fr-FR","@id":"https:\/\/www.uges-isere.fr\/index.php\/2021\/10\/29\/un-plan-montagne-a-courte-vue\/#primaryimage","url":"https:\/\/www.uges-isere.fr\/wp-content\/uploads\/2021\/10\/shutterstock_456467581.jpg","contentUrl":"https:\/\/www.uges-isere.fr\/wp-content\/uploads\/2021\/10\/shutterstock_456467581.jpg","width":800,"height":450},{"@type":"BreadcrumbList","@id":"https:\/\/www.uges-isere.fr\/index.php\/2021\/10\/29\/un-plan-montagne-a-courte-vue\/#breadcrumb","itemListElement":[{"@type":"ListItem","position":1,"name":"Accueil","item":"https:\/\/www.uges-isere.fr\/"},{"@type":"ListItem","position":2,"name":"Un plan montagne \u00e0 courte vue"}]},{"@type":"WebSite","@id":"https:\/\/www.uges-isere.fr\/#website","url":"https:\/\/www.uges-isere.fr\/","name":"D\u00e9partement de l&#039;Is\u00e8re","description":"Groupe d&#039;opposition UGES","publisher":{"@id":"https:\/\/www.uges-isere.fr\/#organization"},"potentialAction":[{"@type":"SearchAction","target":{"@type":"EntryPoint","urlTemplate":"https:\/\/www.uges-isere.fr\/?s={search_term_string}"},"query-input":{"@type":"PropertyValueSpecification","valueRequired":true,"valueName":"search_term_string"}}],"inLanguage":"fr-FR"},{"@type":"Organization","@id":"https:\/\/www.uges-isere.fr\/#organization","name":"D\u00e9partement de l'Is\u00e8re","url":"https:\/\/www.uges-isere.fr\/","logo":{"@type":"ImageObject","inLanguage":"fr-FR","@id":"https:\/\/www.uges-isere.fr\/#\/schema\/logo\/image\/","url":"https:\/\/www.uges-isere.fr\/wp-content\/uploads\/2021\/10\/logo-ok.png","contentUrl":"https:\/\/www.uges-isere.fr\/wp-content\/uploads\/2021\/10\/logo-ok.png","width":2859,"height":1816,"caption":"D\u00e9partement de l'Is\u00e8re"},"image":{"@id":"https:\/\/www.uges-isere.fr\/#\/schema\/logo\/image\/"},"sameAs":["https:\/\/www.facebook.com\/LePrintemps38","https:\/\/x.com\/GroupeUGES38"]},{"@type":"Person","@id":"https:\/\/www.uges-isere.fr\/#\/schema\/person\/a200926d67119314e8837b6a085de83a","name":"ThibaudUGES38","image":{"@type":"ImageObject","inLanguage":"fr-FR","@id":"https:\/\/secure.gravatar.com\/avatar\/e182ebfe597e409aafe3378f828607b2b757ed94a3489b20112818296e03b151?s=96&d=mm&r=g","url":"https:\/\/secure.gravatar.com\/avatar\/e182ebfe597e409aafe3378f828607b2b757ed94a3489b20112818296e03b151?s=96&d=mm&r=g","contentUrl":"https:\/\/secure.gravatar.com\/avatar\/e182ebfe597e409aafe3378f828607b2b757ed94a3489b20112818296e03b151?s=96&d=mm&r=g","caption":"ThibaudUGES38"},"url":"https:\/\/www.uges-isere.fr\/index.php\/author\/thibauduges38\/"}]}},"_links":{"self":[{"href":"https:\/\/www.uges-isere.fr\/index.php\/wp-json\/wp\/v2\/posts\/244948","targetHints":{"allow":["GET"]}}],"collection":[{"href":"https:\/\/www.uges-isere.fr\/index.php\/wp-json\/wp\/v2\/posts"}],"about":[{"href":"https:\/\/www.uges-isere.fr\/index.php\/wp-json\/wp\/v2\/types\/post"}],"author":[{"embeddable":true,"href":"https:\/\/www.uges-isere.fr\/index.php\/wp-json\/wp\/v2\/users\/8"}],"replies":[{"embeddable":true,"href":"https:\/\/www.uges-isere.fr\/index.php\/wp-json\/wp\/v2\/comments?post=244948"}],"version-history":[{"count":2,"href":"https:\/\/www.uges-isere.fr\/index.php\/wp-json\/wp\/v2\/posts\/244948\/revisions"}],"predecessor-version":[{"id":245036,"href":"https:\/\/www.uges-isere.fr\/index.php\/wp-json\/wp\/v2\/posts\/244948\/revisions\/245036"}],"wp:featuredmedia":[{"embeddable":true,"href":"https:\/\/www.uges-isere.fr\/index.php\/wp-json\/wp\/v2\/media\/244955"}],"wp:attachment":[{"href":"https:\/\/www.uges-isere.fr\/index.php\/wp-json\/wp\/v2\/media?parent=244948"}],"wp:term":[{"taxonomy":"category","embeddable":true,"href":"https:\/\/www.uges-isere.fr\/index.php\/wp-json\/wp\/v2\/categories?post=244948"},{"taxonomy":"post_tag","embeddable":true,"href":"https:\/\/www.uges-isere.fr\/index.php\/wp-json\/wp\/v2\/tags?post=244948"}],"curies":[{"name":"wp","href":"https:\/\/api.w.org\/{rel}","templated":true}]}}