{"id":124496,"date":"2021-07-20T18:39:00","date_gmt":"2021-07-20T16:39:00","guid":{"rendered":"https:\/\/www.uges-isere.fr\/?p=124496"},"modified":"2025-06-02T12:37:25","modified_gmt":"2025-06-02T10:37:25","slug":"tarification-des-cantines-des-colleges-de-lisere","status":"publish","type":"post","link":"https:\/\/www.uges-isere.fr\/index.php\/2021\/07\/20\/tarification-des-cantines-des-colleges-de-lisere\/","title":{"rendered":"Tarification des cantines des coll\u00e8ges de l&rsquo;Is\u00e8re"},"content":{"rendered":"\n<p>Intervention de Sophie Romera \u00e0 propos de la tarification unique \u00e0 2\u20ac propos\u00e9e par la majorit\u00e9 d\u00e9partementale et pour lequel le groupe UGES a d\u00e9pos\u00e9 un amendement avec tarification d\u00e9gressive du quotient familial.<\/p>\n\n\n\n<figure class=\"wp-block-embed is-type-video is-provider-youtube wp-block-embed-youtube wp-embed-aspect-16-9 wp-has-aspect-ratio\"><div class=\"wp-block-embed__wrapper\">\n<iframe loading=\"lazy\" title=\"Intervention de Sophie Romera sur la tarification de la restauration scolaire (SP juillet 2021)\" width=\"1200\" height=\"675\" src=\"https:\/\/www.youtube.com\/embed\/hs5edWMSE4I?feature=oembed\" frameborder=\"0\" allow=\"accelerometer; autoplay; clipboard-write; encrypted-media; gyroscope; picture-in-picture\" allowfullscreen><\/iframe>\n<\/div><\/figure>\n\n\n\n<p>\u00ab\u00a0Le rapport qui nous est propos\u00e9 au vote aujourd\u2019hui peut sembler technique, pourtant il est \u00e9minemment politique.<br>Il aura des impacts dans plusieurs secteurs diff\u00e9rents, avec des questionnements auxquels notre collectivit\u00e9 va devoir r\u00e9pondre.<br>&#8211; Concernant la probable augmentation des approvisionnements alimentaires, comment celle-ci va-t-elle \u00eatre anticip\u00e9e et g\u00e9r\u00e9e ?<br>&#8211; Autre point, alors m\u00eame que beaucoup reste encore \u00e0 faire sur le sujet, comment pr\u00e9server la part de bio et de local ?<br>&#8211; Et comment garantir une m\u00eame qualit\u00e9 des repas&nbsp;\u00e0 nos enfants ?<br>En r\u00e9sum\u00e9, quels vont \u00eatre les diff\u00e9rents indicateurs&nbsp;mis en place ?<br>Et puis cette d\u00e9lib\u00e9ration comporte \u00e9videmment un volet social&nbsp;:<br>En effet, le D\u00e9partement de l\u2019Is\u00e8re compte aujourd\u2019hui pr\u00e8s de 53 000 coll\u00e9giennes et coll\u00e9giens. Toutes et tous sont susceptibles de d\u00e9jeuner au restaurant scolaire de leurs \u00e9tablissement et donc d\u2019avoir acc\u00e8s \u00e0 une repas complet et \u00e9quilibr\u00e9.<br>Pourtant 37&nbsp;500 d\u2019entre eux y vont r\u00e9ellement, soit 70&nbsp;%. Par d\u00e9duction, c\u2019est 30&nbsp;% de ces enfants, soit quasiment 1 sur 3, qui d\u00e9jeune \u00e0 l\u2019ext\u00e9rieur de l\u2019\u00e9tablissement.<br>Nous devons nous interroger sur l\u2019origine de ces freins et sur les leviers \u00e0 actionner. Si pour certaines familles c\u2019est effectivement un choix volontaire, c\u2019est pour d\u2019autres un choix contraint.<\/p>\n\n\n\n<p>La question financi\u00e8re est \u00e9videmment un obstacle important et votre rapport, Monsieur Le Pr\u00e9sident, va dans ce sens&#8230;SAUF, qu\u2019il laisse sur le bord du chemin cet enfant sur trois dont, soyons clair, la situation ne va pas changer si nous ne compl\u00e9tons pas quelque peu le rapport de ce jour.<br><br>Parce que 2 \u20ac pour une famille au SMIC \u00e7a n\u2019est pas la m\u00eame chose que 2 \u20ac pour une famille dont les revenus sont \u00e9lev\u00e9s.<br>Ca me fait penser \u00e0 la TVA, l\u2019imp\u00f4t le plus injuste parce qu\u2019il s\u2019applique \u00e0 toutes et tous de la m\u00eame mani\u00e8re.<br>Un tarif unique ne peut pas \u00eatre juste, c\u2019est math\u00e9matique.<\/p>\n\n\n\n<p>Il est donc essentiel de s\u2019assurer que le prix des repas dans les cantines des coll\u00e8ges publics is\u00e9rois ne sera pas un frein pour les familles les plus pr\u00e9caires, notamment dans ce contexte de crise sanitaire et sociale.<br>Parce que ce sont eux qui ont encaiss\u00e9 les plus lourdes cons\u00e9quences de la crise, ce sont leurs emplois qui ont \u00e9t\u00e9 suspendus ou m\u00eame supprim\u00e9s, ce sont eux qui n\u2019ont pas pu b\u00e9n\u00e9ficier du t\u00e9l\u00e9travail.<\/p>\n\n\n\n<p>Le tarif moyen du repas est actuellement de 3,90\u20ac et, nous en sommes d\u2019accord, le syst\u00e8me actuel de tarification qui comprend quatre tranches relativement basses, ne r\u00e9pond pas \u00e0 l\u2019\u00e9quit\u00e9 attendue par les familles is\u00e9roises, notamment celles dites de la \u00ab&nbsp;classe moyenne&nbsp;\u00bb. Mais parce que l\u2019acc\u00e8s \u00e0 la restauration scolaire, essentielle \u00e0 la sant\u00e9 de nos enfants, ne doit pas d\u00e9pendre des contraintes financi\u00e8res des familles, nous vous proposons d\u2019aller encore plus loin.<\/p>\n\n\n\n<p>Et je m\u2019explique&nbsp;:<br>Sans toucher au c\u0153ur de cible du rapport, c\u2019est-\u00e0-dire aux classes dites \u00ab&nbsp;moyennes&nbsp;\u00bb, nous vous proposons d\u2019inclure \u00e9galement ces familles dans le besoin, dont la situation est encore plus difficile depuis 1 an et demi.<br> C\u2019est l\u2019esprit de l\u2019amendement qui vous a \u00e9t\u00e9 d\u00e9pos\u00e9 sur table&nbsp;: une tarification avec un bar\u00e8me \u00e0 plusieurs tranches, plus juste pour toutes les familles, parce que progressif en fonction de leurs revenus :<br>&#8211; une 1<sup>\u00e8re<\/sup> tranche avec un repas \u00e0 0,50 \u20ac pour les familles dont le Quotient Familial est inf\u00e9rieur \u00e0 630 (soit, pour un couple avec 2 enfants,&nbsp; des revenus mensuels nets imposables inf\u00e9rieurs \u00e0 1 900 \u20ac)<br>&#8211; une 2\u00e8me tranche avec un repas \u00e0 1 \u20ac pour les familles avec un Quotient Familial entre 631 et 1000 (soit, pour la m\u00eame typologie de m\u00e9nage, des revenus entre 1 900 \u20ac et 3 000 \u20ac)<br>&#8211; une 3\u00e8me tranche avec un repas \u00e0 1,50 \u20ac pour les familles avec un Quotient Familial entre 1001 et 1500 ( soit des revenus entre 3 000 \u20ac et 4 500 \u20ac)<br>&#8211; une 4\u00e8me tranche avec un repas \u00e0 2 \u20ac pour les familles avec un Quotient Familial entre 1501 et 2000 (soit des revenus entre 4 500 \u20ac et 6 000 \u20ac)<br>&#8211; et une 5\u00e8me et derni\u00e8re tranche avec un repas \u00e0 3 \u20ac pour les familles avec un Quotient Familial sup\u00e9rieur \u00e0 2001 (soit des revenus du foyer sup\u00e9rieurs \u00e0 6 000 \u20ac).<\/p>\n\n\n\n<p>Nous proposons \u00e9galement, dans cet amendement, d\u2019appliquer une tarification progressive pour les \u00e9l\u00e8ves d\u2019internat, ce qui n\u2019\u00e9tait pas le cas jusqu\u2019\u00e0 aujourd\u2019hui. Cette proposition que nous vous soumettons\u00a0 est plus inclusive et ne laisse aucune famille de c\u00f4t\u00e9\u00a0:<br>&#8211; En effet, elle sera favorable aux classes dites \u00ab\u00a0moyennes\u00a0\u00bb qui verront leur pouvoir d\u2019achat effectivement augmenter,<br>&#8211; elle sera plus juste pour les familles les plus en difficult\u00e9, qui, vous le savez, sont de plus en plus nombreuses depuis la crise sanitaire. Et leur panel s\u2019est malheureusement \u00e9largi.<br>&#8211; et puis elle sera \u00e9galement plus favorable aux familles plus ais\u00e9es, qui verront aussi leur facture diminuer.<br><br>C\u2019est gagnant-gagnant pour tous, mais aussi \u00e9quilibr\u00e9 pour la collectivit\u00e9, les repas \u00e0 3 \u20ac de la 5\u00e8me tranche finan\u00e7ant ceux de la 1\u00e8re \u00e0 0,50 \u20ac. Parce que la question de l\u2019incidence financi\u00e8re pour la collectivit\u00e9 est aussi \u00e0 prendre en compte, et je m\u2019\u00e9tonne d\u2019ailleurs que ce rapport soit annot\u00e9 comme \u00e9tant \u00ab\u00a0sans incidence financi\u00e8re\u00a0\u00bb (page 1 du rapport).<br><br>En conclusion, nous vous demandons, Monsieur Le Pr\u00e9sident, d\u2019\u00e9tudier cet amendement, qui r\u00e9pond \u00e0 notre mission premi\u00e8re d\u2019\u00e9lus d\u00e9partementaux\u00a0: penser nos politiques pour toutes les is\u00e9roises et tous les is\u00e9rois.\u00a0\u00bb<\/p>\n\n\n\n<p><a href=\"https:\/\/www.uges-isere.fr\/wp-content\/uploads\/2020\/11\/Amendement-Cantines-V3.pdf\">Amendement propos\u00e9 par le groupe UGES et refus\u00e9 par la majorit\u00e9 d\u00e9partementale.<\/a><\/p>\n\n\n\n<p>Cr\u00e9dit image :<a href=\"https:\/\/fr.freepik.com\/vecteurs\/nourriture\"> brgfx &#8211; fr.freepik.com<\/a><\/p>\n","protected":false},"excerpt":{"rendered":"<p>Intervention de Sophie Romera \u00e0 propos de la tarification unique \u00e0 2\u20ac propos\u00e9e par la majorit\u00e9 d\u00e9partementale et &hellip; <\/p>\n","protected":false},"author":8,"featured_media":129655,"comment_status":"closed","ping_status":"closed","sticky":false,"template":"","format":"standard","meta":{"footnotes":""},"categories":[11,15,351],"tags":[],"class_list":["post-124496","post","type-post","status-publish","format-standard","has-post-thumbnail","hentry","category-education-jeunesse-et-sports","category-seances-publiques","category-sp-2021"],"yoast_head":"<!-- This site is optimized with the Yoast SEO plugin v27.5 - https:\/\/yoast.com\/product\/yoast-seo-wordpress\/ -->\n<title>Tarification des cantines des coll\u00e8ges de l&#039;Is\u00e8re - D\u00e9partement de l&#039;Is\u00e8re<\/title>\n<meta name=\"robots\" content=\"index, follow, max-snippet:-1, max-image-preview:large, max-video-preview:-1\" \/>\n<link rel=\"canonical\" href=\"https:\/\/www.uges-isere.fr\/index.php\/2021\/07\/20\/tarification-des-cantines-des-colleges-de-lisere\/\" \/>\n<meta property=\"og:locale\" content=\"fr_FR\" \/>\n<meta property=\"og:type\" content=\"article\" \/>\n<meta property=\"og:title\" content=\"Tarification des cantines des coll\u00e8ges de l&#039;Is\u00e8re - D\u00e9partement de l&#039;Is\u00e8re\" \/>\n<meta property=\"og:description\" content=\"Intervention de Sophie Romera \u00e0 propos de la tarification unique \u00e0 2\u20ac propos\u00e9e par la majorit\u00e9 d\u00e9partementale et &hellip;\" \/>\n<meta property=\"og:url\" content=\"https:\/\/www.uges-isere.fr\/index.php\/2021\/07\/20\/tarification-des-cantines-des-colleges-de-lisere\/\" \/>\n<meta property=\"og:site_name\" content=\"D\u00e9partement de l&#039;Is\u00e8re\" \/>\n<meta property=\"article:publisher\" content=\"https:\/\/www.facebook.com\/LePrintemps38\" \/>\n<meta property=\"article:published_time\" content=\"2021-07-20T16:39:00+00:00\" \/>\n<meta property=\"article:modified_time\" content=\"2025-06-02T10:37:25+00:00\" \/>\n<meta property=\"og:image\" content=\"https:\/\/www.uges-isere.fr\/wp-content\/uploads\/2021\/07\/31071-scaled-e1626964578184.jpg\" \/>\n\t<meta property=\"og:image:width\" content=\"2560\" \/>\n\t<meta property=\"og:image:height\" content=\"1779\" \/>\n\t<meta property=\"og:image:type\" content=\"image\/jpeg\" \/>\n<meta name=\"author\" content=\"ThibaudUGES38\" \/>\n<meta name=\"twitter:card\" content=\"summary_large_image\" \/>\n<meta name=\"twitter:creator\" content=\"@GroupeUGES38\" \/>\n<meta name=\"twitter:site\" content=\"@GroupeUGES38\" \/>\n<meta name=\"twitter:label1\" content=\"\u00c9crit par\" \/>\n\t<meta name=\"twitter:data1\" content=\"ThibaudUGES38\" \/>\n\t<meta name=\"twitter:label2\" content=\"Dur\u00e9e de lecture estim\u00e9e\" \/>\n\t<meta name=\"twitter:data2\" content=\"6 minutes\" \/>\n<script type=\"application\/ld+json\" class=\"yoast-schema-graph\">{\"@context\":\"https:\\\/\\\/schema.org\",\"@graph\":[{\"@type\":\"Article\",\"@id\":\"https:\\\/\\\/www.uges-isere.fr\\\/index.php\\\/2021\\\/07\\\/20\\\/tarification-des-cantines-des-colleges-de-lisere\\\/#article\",\"isPartOf\":{\"@id\":\"https:\\\/\\\/www.uges-isere.fr\\\/index.php\\\/2021\\\/07\\\/20\\\/tarification-des-cantines-des-colleges-de-lisere\\\/\"},\"author\":{\"name\":\"ThibaudUGES38\",\"@id\":\"https:\\\/\\\/www.uges-isere.fr\\\/#\\\/schema\\\/person\\\/a200926d67119314e8837b6a085de83a\"},\"headline\":\"Tarification des cantines des coll\u00e8ges de l&rsquo;Is\u00e8re\",\"datePublished\":\"2021-07-20T16:39:00+00:00\",\"dateModified\":\"2025-06-02T10:37:25+00:00\",\"mainEntityOfPage\":{\"@id\":\"https:\\\/\\\/www.uges-isere.fr\\\/index.php\\\/2021\\\/07\\\/20\\\/tarification-des-cantines-des-colleges-de-lisere\\\/\"},\"wordCount\":1006,\"publisher\":{\"@id\":\"https:\\\/\\\/www.uges-isere.fr\\\/#organization\"},\"image\":{\"@id\":\"https:\\\/\\\/www.uges-isere.fr\\\/index.php\\\/2021\\\/07\\\/20\\\/tarification-des-cantines-des-colleges-de-lisere\\\/#primaryimage\"},\"thumbnailUrl\":\"https:\\\/\\\/www.uges-isere.fr\\\/wp-content\\\/uploads\\\/2021\\\/07\\\/31071-scaled-e1626964578184.jpg\",\"articleSection\":[\"Education, jeunesse et sports\",\"S\u00e9ances publiques\",\"SP 2021\"],\"inLanguage\":\"fr-FR\"},{\"@type\":\"WebPage\",\"@id\":\"https:\\\/\\\/www.uges-isere.fr\\\/index.php\\\/2021\\\/07\\\/20\\\/tarification-des-cantines-des-colleges-de-lisere\\\/\",\"url\":\"https:\\\/\\\/www.uges-isere.fr\\\/index.php\\\/2021\\\/07\\\/20\\\/tarification-des-cantines-des-colleges-de-lisere\\\/\",\"name\":\"Tarification des cantines des coll\u00e8ges de l'Is\u00e8re - D\u00e9partement de l&#039;Is\u00e8re\",\"isPartOf\":{\"@id\":\"https:\\\/\\\/www.uges-isere.fr\\\/#website\"},\"primaryImageOfPage\":{\"@id\":\"https:\\\/\\\/www.uges-isere.fr\\\/index.php\\\/2021\\\/07\\\/20\\\/tarification-des-cantines-des-colleges-de-lisere\\\/#primaryimage\"},\"image\":{\"@id\":\"https:\\\/\\\/www.uges-isere.fr\\\/index.php\\\/2021\\\/07\\\/20\\\/tarification-des-cantines-des-colleges-de-lisere\\\/#primaryimage\"},\"thumbnailUrl\":\"https:\\\/\\\/www.uges-isere.fr\\\/wp-content\\\/uploads\\\/2021\\\/07\\\/31071-scaled-e1626964578184.jpg\",\"datePublished\":\"2021-07-20T16:39:00+00:00\",\"dateModified\":\"2025-06-02T10:37:25+00:00\",\"breadcrumb\":{\"@id\":\"https:\\\/\\\/www.uges-isere.fr\\\/index.php\\\/2021\\\/07\\\/20\\\/tarification-des-cantines-des-colleges-de-lisere\\\/#breadcrumb\"},\"inLanguage\":\"fr-FR\",\"potentialAction\":[{\"@type\":\"ReadAction\",\"target\":[\"https:\\\/\\\/www.uges-isere.fr\\\/index.php\\\/2021\\\/07\\\/20\\\/tarification-des-cantines-des-colleges-de-lisere\\\/\"]}]},{\"@type\":\"ImageObject\",\"inLanguage\":\"fr-FR\",\"@id\":\"https:\\\/\\\/www.uges-isere.fr\\\/index.php\\\/2021\\\/07\\\/20\\\/tarification-des-cantines-des-colleges-de-lisere\\\/#primaryimage\",\"url\":\"https:\\\/\\\/www.uges-isere.fr\\\/wp-content\\\/uploads\\\/2021\\\/07\\\/31071-scaled-e1626964578184.jpg\",\"contentUrl\":\"https:\\\/\\\/www.uges-isere.fr\\\/wp-content\\\/uploads\\\/2021\\\/07\\\/31071-scaled-e1626964578184.jpg\",\"width\":2560,\"height\":1779,\"caption\":\"Boy getting food in the canteen illustration\"},{\"@type\":\"BreadcrumbList\",\"@id\":\"https:\\\/\\\/www.uges-isere.fr\\\/index.php\\\/2021\\\/07\\\/20\\\/tarification-des-cantines-des-colleges-de-lisere\\\/#breadcrumb\",\"itemListElement\":[{\"@type\":\"ListItem\",\"position\":1,\"name\":\"Accueil\",\"item\":\"https:\\\/\\\/www.uges-isere.fr\\\/\"},{\"@type\":\"ListItem\",\"position\":2,\"name\":\"Tarification des cantines des coll\u00e8ges de l&rsquo;Is\u00e8re\"}]},{\"@type\":\"WebSite\",\"@id\":\"https:\\\/\\\/www.uges-isere.fr\\\/#website\",\"url\":\"https:\\\/\\\/www.uges-isere.fr\\\/\",\"name\":\"D\u00e9partement de l&#039;Is\u00e8re\",\"description\":\"Groupe d&#039;opposition UGES\",\"publisher\":{\"@id\":\"https:\\\/\\\/www.uges-isere.fr\\\/#organization\"},\"potentialAction\":[{\"@type\":\"SearchAction\",\"target\":{\"@type\":\"EntryPoint\",\"urlTemplate\":\"https:\\\/\\\/www.uges-isere.fr\\\/?s={search_term_string}\"},\"query-input\":{\"@type\":\"PropertyValueSpecification\",\"valueRequired\":true,\"valueName\":\"search_term_string\"}}],\"inLanguage\":\"fr-FR\"},{\"@type\":\"Organization\",\"@id\":\"https:\\\/\\\/www.uges-isere.fr\\\/#organization\",\"name\":\"D\u00e9partement de l'Is\u00e8re\",\"url\":\"https:\\\/\\\/www.uges-isere.fr\\\/\",\"logo\":{\"@type\":\"ImageObject\",\"inLanguage\":\"fr-FR\",\"@id\":\"https:\\\/\\\/www.uges-isere.fr\\\/#\\\/schema\\\/logo\\\/image\\\/\",\"url\":\"https:\\\/\\\/www.uges-isere.fr\\\/wp-content\\\/uploads\\\/2021\\\/10\\\/logo-ok.png\",\"contentUrl\":\"https:\\\/\\\/www.uges-isere.fr\\\/wp-content\\\/uploads\\\/2021\\\/10\\\/logo-ok.png\",\"width\":2859,\"height\":1816,\"caption\":\"D\u00e9partement de l'Is\u00e8re\"},\"image\":{\"@id\":\"https:\\\/\\\/www.uges-isere.fr\\\/#\\\/schema\\\/logo\\\/image\\\/\"},\"sameAs\":[\"https:\\\/\\\/www.facebook.com\\\/LePrintemps38\",\"https:\\\/\\\/x.com\\\/GroupeUGES38\"]},{\"@type\":\"Person\",\"@id\":\"https:\\\/\\\/www.uges-isere.fr\\\/#\\\/schema\\\/person\\\/a200926d67119314e8837b6a085de83a\",\"name\":\"ThibaudUGES38\",\"image\":{\"@type\":\"ImageObject\",\"inLanguage\":\"fr-FR\",\"@id\":\"https:\\\/\\\/secure.gravatar.com\\\/avatar\\\/e182ebfe597e409aafe3378f828607b2b757ed94a3489b20112818296e03b151?s=96&d=mm&r=g\",\"url\":\"https:\\\/\\\/secure.gravatar.com\\\/avatar\\\/e182ebfe597e409aafe3378f828607b2b757ed94a3489b20112818296e03b151?s=96&d=mm&r=g\",\"contentUrl\":\"https:\\\/\\\/secure.gravatar.com\\\/avatar\\\/e182ebfe597e409aafe3378f828607b2b757ed94a3489b20112818296e03b151?s=96&d=mm&r=g\",\"caption\":\"ThibaudUGES38\"},\"url\":\"https:\\\/\\\/www.uges-isere.fr\\\/index.php\\\/author\\\/thibauduges38\\\/\"}]}<\/script>\n<!-- \/ Yoast SEO plugin. -->","yoast_head_json":{"title":"Tarification des cantines des coll\u00e8ges de l'Is\u00e8re - D\u00e9partement de l&#039;Is\u00e8re","robots":{"index":"index","follow":"follow","max-snippet":"max-snippet:-1","max-image-preview":"max-image-preview:large","max-video-preview":"max-video-preview:-1"},"canonical":"https:\/\/www.uges-isere.fr\/index.php\/2021\/07\/20\/tarification-des-cantines-des-colleges-de-lisere\/","og_locale":"fr_FR","og_type":"article","og_title":"Tarification des cantines des coll\u00e8ges de l'Is\u00e8re - D\u00e9partement de l&#039;Is\u00e8re","og_description":"Intervention de Sophie Romera \u00e0 propos de la tarification unique \u00e0 2\u20ac propos\u00e9e par la majorit\u00e9 d\u00e9partementale et &hellip;","og_url":"https:\/\/www.uges-isere.fr\/index.php\/2021\/07\/20\/tarification-des-cantines-des-colleges-de-lisere\/","og_site_name":"D\u00e9partement de l&#039;Is\u00e8re","article_publisher":"https:\/\/www.facebook.com\/LePrintemps38","article_published_time":"2021-07-20T16:39:00+00:00","article_modified_time":"2025-06-02T10:37:25+00:00","og_image":[{"width":2560,"height":1779,"url":"https:\/\/www.uges-isere.fr\/wp-content\/uploads\/2021\/07\/31071-scaled-e1626964578184.jpg","type":"image\/jpeg"}],"author":"ThibaudUGES38","twitter_card":"summary_large_image","twitter_creator":"@GroupeUGES38","twitter_site":"@GroupeUGES38","twitter_misc":{"\u00c9crit par":"ThibaudUGES38","Dur\u00e9e de lecture estim\u00e9e":"6 minutes"},"schema":{"@context":"https:\/\/schema.org","@graph":[{"@type":"Article","@id":"https:\/\/www.uges-isere.fr\/index.php\/2021\/07\/20\/tarification-des-cantines-des-colleges-de-lisere\/#article","isPartOf":{"@id":"https:\/\/www.uges-isere.fr\/index.php\/2021\/07\/20\/tarification-des-cantines-des-colleges-de-lisere\/"},"author":{"name":"ThibaudUGES38","@id":"https:\/\/www.uges-isere.fr\/#\/schema\/person\/a200926d67119314e8837b6a085de83a"},"headline":"Tarification des cantines des coll\u00e8ges de l&rsquo;Is\u00e8re","datePublished":"2021-07-20T16:39:00+00:00","dateModified":"2025-06-02T10:37:25+00:00","mainEntityOfPage":{"@id":"https:\/\/www.uges-isere.fr\/index.php\/2021\/07\/20\/tarification-des-cantines-des-colleges-de-lisere\/"},"wordCount":1006,"publisher":{"@id":"https:\/\/www.uges-isere.fr\/#organization"},"image":{"@id":"https:\/\/www.uges-isere.fr\/index.php\/2021\/07\/20\/tarification-des-cantines-des-colleges-de-lisere\/#primaryimage"},"thumbnailUrl":"https:\/\/www.uges-isere.fr\/wp-content\/uploads\/2021\/07\/31071-scaled-e1626964578184.jpg","articleSection":["Education, jeunesse et sports","S\u00e9ances publiques","SP 2021"],"inLanguage":"fr-FR"},{"@type":"WebPage","@id":"https:\/\/www.uges-isere.fr\/index.php\/2021\/07\/20\/tarification-des-cantines-des-colleges-de-lisere\/","url":"https:\/\/www.uges-isere.fr\/index.php\/2021\/07\/20\/tarification-des-cantines-des-colleges-de-lisere\/","name":"Tarification des cantines des coll\u00e8ges de l'Is\u00e8re - D\u00e9partement de l&#039;Is\u00e8re","isPartOf":{"@id":"https:\/\/www.uges-isere.fr\/#website"},"primaryImageOfPage":{"@id":"https:\/\/www.uges-isere.fr\/index.php\/2021\/07\/20\/tarification-des-cantines-des-colleges-de-lisere\/#primaryimage"},"image":{"@id":"https:\/\/www.uges-isere.fr\/index.php\/2021\/07\/20\/tarification-des-cantines-des-colleges-de-lisere\/#primaryimage"},"thumbnailUrl":"https:\/\/www.uges-isere.fr\/wp-content\/uploads\/2021\/07\/31071-scaled-e1626964578184.jpg","datePublished":"2021-07-20T16:39:00+00:00","dateModified":"2025-06-02T10:37:25+00:00","breadcrumb":{"@id":"https:\/\/www.uges-isere.fr\/index.php\/2021\/07\/20\/tarification-des-cantines-des-colleges-de-lisere\/#breadcrumb"},"inLanguage":"fr-FR","potentialAction":[{"@type":"ReadAction","target":["https:\/\/www.uges-isere.fr\/index.php\/2021\/07\/20\/tarification-des-cantines-des-colleges-de-lisere\/"]}]},{"@type":"ImageObject","inLanguage":"fr-FR","@id":"https:\/\/www.uges-isere.fr\/index.php\/2021\/07\/20\/tarification-des-cantines-des-colleges-de-lisere\/#primaryimage","url":"https:\/\/www.uges-isere.fr\/wp-content\/uploads\/2021\/07\/31071-scaled-e1626964578184.jpg","contentUrl":"https:\/\/www.uges-isere.fr\/wp-content\/uploads\/2021\/07\/31071-scaled-e1626964578184.jpg","width":2560,"height":1779,"caption":"Boy getting food in the canteen illustration"},{"@type":"BreadcrumbList","@id":"https:\/\/www.uges-isere.fr\/index.php\/2021\/07\/20\/tarification-des-cantines-des-colleges-de-lisere\/#breadcrumb","itemListElement":[{"@type":"ListItem","position":1,"name":"Accueil","item":"https:\/\/www.uges-isere.fr\/"},{"@type":"ListItem","position":2,"name":"Tarification des cantines des coll\u00e8ges de l&rsquo;Is\u00e8re"}]},{"@type":"WebSite","@id":"https:\/\/www.uges-isere.fr\/#website","url":"https:\/\/www.uges-isere.fr\/","name":"D\u00e9partement de l&#039;Is\u00e8re","description":"Groupe d&#039;opposition UGES","publisher":{"@id":"https:\/\/www.uges-isere.fr\/#organization"},"potentialAction":[{"@type":"SearchAction","target":{"@type":"EntryPoint","urlTemplate":"https:\/\/www.uges-isere.fr\/?s={search_term_string}"},"query-input":{"@type":"PropertyValueSpecification","valueRequired":true,"valueName":"search_term_string"}}],"inLanguage":"fr-FR"},{"@type":"Organization","@id":"https:\/\/www.uges-isere.fr\/#organization","name":"D\u00e9partement de l'Is\u00e8re","url":"https:\/\/www.uges-isere.fr\/","logo":{"@type":"ImageObject","inLanguage":"fr-FR","@id":"https:\/\/www.uges-isere.fr\/#\/schema\/logo\/image\/","url":"https:\/\/www.uges-isere.fr\/wp-content\/uploads\/2021\/10\/logo-ok.png","contentUrl":"https:\/\/www.uges-isere.fr\/wp-content\/uploads\/2021\/10\/logo-ok.png","width":2859,"height":1816,"caption":"D\u00e9partement de l'Is\u00e8re"},"image":{"@id":"https:\/\/www.uges-isere.fr\/#\/schema\/logo\/image\/"},"sameAs":["https:\/\/www.facebook.com\/LePrintemps38","https:\/\/x.com\/GroupeUGES38"]},{"@type":"Person","@id":"https:\/\/www.uges-isere.fr\/#\/schema\/person\/a200926d67119314e8837b6a085de83a","name":"ThibaudUGES38","image":{"@type":"ImageObject","inLanguage":"fr-FR","@id":"https:\/\/secure.gravatar.com\/avatar\/e182ebfe597e409aafe3378f828607b2b757ed94a3489b20112818296e03b151?s=96&d=mm&r=g","url":"https:\/\/secure.gravatar.com\/avatar\/e182ebfe597e409aafe3378f828607b2b757ed94a3489b20112818296e03b151?s=96&d=mm&r=g","contentUrl":"https:\/\/secure.gravatar.com\/avatar\/e182ebfe597e409aafe3378f828607b2b757ed94a3489b20112818296e03b151?s=96&d=mm&r=g","caption":"ThibaudUGES38"},"url":"https:\/\/www.uges-isere.fr\/index.php\/author\/thibauduges38\/"}]}},"_links":{"self":[{"href":"https:\/\/www.uges-isere.fr\/index.php\/wp-json\/wp\/v2\/posts\/124496","targetHints":{"allow":["GET"]}}],"collection":[{"href":"https:\/\/www.uges-isere.fr\/index.php\/wp-json\/wp\/v2\/posts"}],"about":[{"href":"https:\/\/www.uges-isere.fr\/index.php\/wp-json\/wp\/v2\/types\/post"}],"author":[{"embeddable":true,"href":"https:\/\/www.uges-isere.fr\/index.php\/wp-json\/wp\/v2\/users\/8"}],"replies":[{"embeddable":true,"href":"https:\/\/www.uges-isere.fr\/index.php\/wp-json\/wp\/v2\/comments?post=124496"}],"version-history":[{"count":7,"href":"https:\/\/www.uges-isere.fr\/index.php\/wp-json\/wp\/v2\/posts\/124496\/revisions"}],"predecessor-version":[{"id":133851,"href":"https:\/\/www.uges-isere.fr\/index.php\/wp-json\/wp\/v2\/posts\/124496\/revisions\/133851"}],"wp:featuredmedia":[{"embeddable":true,"href":"https:\/\/www.uges-isere.fr\/index.php\/wp-json\/wp\/v2\/media\/129655"}],"wp:attachment":[{"href":"https:\/\/www.uges-isere.fr\/index.php\/wp-json\/wp\/v2\/media?parent=124496"}],"wp:term":[{"taxonomy":"category","embeddable":true,"href":"https:\/\/www.uges-isere.fr\/index.php\/wp-json\/wp\/v2\/categories?post=124496"},{"taxonomy":"post_tag","embeddable":true,"href":"https:\/\/www.uges-isere.fr\/index.php\/wp-json\/wp\/v2\/tags?post=124496"}],"curies":[{"name":"wp","href":"https:\/\/api.w.org\/{rel}","templated":true}]}}